{"id":6659,"date":"2025-12-15T15:00:28","date_gmt":"2025-12-15T14:00:28","guid":{"rendered":"https:\/\/www.lsmart.co\/?p=6659"},"modified":"2025-12-15T15:00:29","modified_gmt":"2025-12-15T14:00:29","slug":"conso-energie-ehpad-decret-tertiaire","status":"publish","type":"post","link":"https:\/\/www.lsmart.co\/es\/blog\/conso-energie-ehpad-decret-tertiaire\/","title":{"rendered":"\u00c9nergie EHPAD : D\u00e9cret tertiaire, enjeux et solutions"},"content":{"rendered":"<span class=\"span-reading-time rt-reading-time\" style=\"display: block;\"><span class=\"rt-label rt-prefix\">Temps de lecture\u00a0: <\/span> <span class=\"rt-time\"> 9<\/span> <span class=\"rt-label rt-postfix\">minutes<\/span><\/span>\t\t<div data-elementor-type=\"wp-post\" data-elementor-id=\"6659\" class=\"elementor elementor-6659\" data-elementor-post-type=\"post\">\n\t\t\t\t<div class=\"elementor-element elementor-element-564e22fb e-con-full e-flex e-con e-parent\" data-id=\"564e22fb\" data-element_type=\"container\">\n\t\t<div class=\"elementor-element elementor-element-34984dba header-article-blog e-flex e-con-boxed e-con e-child\" data-id=\"34984dba\" data-element_type=\"container\" id=\"header\" data-settings=\"{&quot;background_background&quot;:&quot;classic&quot;}\">\n\t\t\t\t\t<div class=\"e-con-inner\">\n\t\t\t\t<div class=\"elementor-element elementor-element-648a5d14 elementor-widget elementor-widget-breadcrumbs\" data-id=\"648a5d14\" data-element_type=\"widget\" data-widget_type=\"breadcrumbs.default\">\n\t\t\t\t<div class=\"elementor-widget-container\">\n\t\t\t\t\t<p id=\"breadcrumbs\"><\/p>\t\t\t\t<\/div>\n\t\t\t\t<\/div>\n\t\t\t\t<div class=\"elementor-element elementor-element-10f23339 elementor-widget elementor-widget-heading\" data-id=\"10f23339\" data-element_type=\"widget\" data-widget_type=\"heading.default\">\n\t\t\t\t<div class=\"elementor-widget-container\">\n\t\t\t\t\t<h1 class=\"elementor-heading-title elementor-size-default\">\u00c9nergie EHPAD : D\u00e9cret tertiaire, enjeux et solutions<\/h1>\t\t\t\t<\/div>\n\t\t\t\t<\/div>\n\t\t\t\t<div class=\"elementor-element elementor-element-21182488 elementor-widget__width-auto elementor-absolute taxonomy-btn elementor-widget-mobile__width-auto elementor-widget elementor-widget-text-editor\" data-id=\"21182488\" data-element_type=\"widget\" data-settings=\"{&quot;_position&quot;:&quot;absolute&quot;}\" data-widget_type=\"text-editor.default\">\n\t\t\t\t<div class=\"elementor-widget-container\">\n\t\t\t\t\t\t\t\t\t<a href=\"https:\/\/www.lsmart.co\/es\/tag\/decret-tertiaire\/\" rel=\"tag\">D\u00e9cret tertiaire<\/a>\t\t\t\t\t\t\t\t<\/div>\n\t\t\t\t<\/div>\n\t\t\t\t\t<\/div>\n\t\t\t\t<\/div>\n\t\t<div class=\"elementor-element elementor-element-43d6b48f e-flex e-con-boxed e-con e-child\" data-id=\"43d6b48f\" data-element_type=\"container\" data-settings=\"{&quot;background_background&quot;:&quot;classic&quot;}\">\n\t\t\t\t\t<div class=\"e-con-inner\">\n\t\t<div class=\"elementor-element elementor-element-2cb1ea0 e-con-full container-img-to-zoom e-flex e-con e-child\" data-id=\"2cb1ea0\" data-element_type=\"container\">\n\t\t\t\t<div class=\"elementor-element elementor-element-259998f0 elementor-widget elementor-widget-table-of-contents\" data-id=\"259998f0\" data-element_type=\"widget\" data-settings=\"{&quot;headings_by_tags&quot;:[&quot;h2&quot;],&quot;exclude_headings_by_selector&quot;:[],&quot;marker_view&quot;:&quot;bullets&quot;,&quot;min_height&quot;:{&quot;unit&quot;:&quot;px&quot;,&quot;size&quot;:400,&quot;sizes&quot;:[]},&quot;no_headings_message&quot;:&quot;Aucun titre n\\u2019a \\u00e9t\\u00e9 trouv\\u00e9 sur cette page.&quot;,&quot;icon&quot;:{&quot;value&quot;:&quot;fas fa-circle&quot;,&quot;library&quot;:&quot;fa-solid&quot;},&quot;hierarchical_view&quot;:&quot;yes&quot;,&quot;min_height_tablet&quot;:{&quot;unit&quot;:&quot;px&quot;,&quot;size&quot;:&quot;&quot;,&quot;sizes&quot;:[]},&quot;min_height_mobile&quot;:{&quot;unit&quot;:&quot;px&quot;,&quot;size&quot;:&quot;&quot;,&quot;sizes&quot;:[]}}\" data-widget_type=\"table-of-contents.default\">\n\t\t\t\t<div class=\"elementor-widget-container\">\n\t\t\t\t\t\t\t\t\t<div class=\"elementor-toc__header\">\n\t\t\t\t\t\t<div class=\"elementor-toc__header-title\">\n\t\t\t\tSommaire\t\t\t<\/div>\n\t\t\t\t\t\t\t\t<\/div>\n\t\t\t\t<div id=\"elementor-toc__259998f0\" class=\"elementor-toc__body\">\n\t\t\t<div class=\"elementor-toc__spinner-container\">\n\t\t\t\t<i class=\"elementor-toc__spinner eicon-animation-spin eicon-loading\" aria-hidden=\"true\"><\/i>\t\t\t<\/div>\n\t\t<\/div>\n\t\t\t\t\t\t<\/div>\n\t\t\t\t<\/div>\n\t\t\t\t<\/div>\n\t\t<div class=\"elementor-element elementor-element-8b7e20c e-con-full e-flex e-con e-child\" data-id=\"8b7e20c\" data-element_type=\"container\">\n\t\t<div class=\"elementor-element elementor-element-4e70746 elementor-hidden-mobile e-flex e-con-boxed e-con e-child\" data-id=\"4e70746\" data-element_type=\"container\">\n\t\t\t\t\t<div class=\"e-con-inner\">\n\t\t\t\t<div class=\"elementor-element elementor-element-78d1ed0d elementor-author-box--name-yes elementor-author-box--biography-yes elementor-author-box--link-no elementor-widget elementor-widget-author-box\" data-id=\"78d1ed0d\" data-element_type=\"widget\" data-widget_type=\"author-box.default\">\n\t\t\t\t<div class=\"elementor-widget-container\">\n\t\t\t\t\t\t\t<div class=\"elementor-author-box\">\n\t\t\t\n\t\t\t<div class=\"elementor-author-box__text\">\n\t\t\t\t\t\t\t\t\t<div >\n\t\t\t\t\t\t<span class=\"elementor-author-box__name\">\n\t\t\t\t\t\t\tSarah.S\t\t\t\t\t\t<\/span>\n\t\t\t\t\t<\/div>\n\t\t\t\t\n\t\t\t\t\t\t\t\t\t<div class=\"elementor-author-box__bio\">\n\t\t\t\t\t\t\t\t\t\t\t<\/div>\n\t\t\t\t\n\t\t\t\t\t\t\t<\/div>\n\t\t<\/div>\n\t\t\t\t\t\t<\/div>\n\t\t\t\t<\/div>\n\t\t\t\t<div class=\"elementor-element elementor-element-34289dcf elementor-widget__width-auto elementor-hidden-mobile elementor-widget elementor-widget-text-editor\" data-id=\"34289dcf\" data-element_type=\"widget\" data-widget_type=\"text-editor.default\">\n\t\t\t\t<div class=\"elementor-widget-container\">\n\t\t\t\t\t\t\t\t\t&#8211; 15 diciembre 2025 &#8211;\t\t\t\t\t\t\t\t<\/div>\n\t\t\t\t<\/div>\n\t\t\t\t<div class=\"elementor-element elementor-element-6bdd07be elementor-widget elementor-widget-shortcode\" data-id=\"6bdd07be\" data-element_type=\"widget\" data-widget_type=\"shortcode.default\">\n\t\t\t\t<div class=\"elementor-widget-container\">\n\t\t\t\t\t\t\t<div class=\"elementor-shortcode\"> <span class=\"span-reading-time rt-reading-time\"><span class=\"rt-label rt-prefix\"><\/span> <span class=\"rt-time\"> 9<\/span> <span class=\"rt-label rt-postfix\"><\/span><\/span> min <\/div>\n\t\t\t\t\t\t<\/div>\n\t\t\t\t<\/div>\n\t\t\t\t\t<\/div>\n\t\t\t\t<\/div>\n\t\t\t\t<div class=\"elementor-element elementor-element-3129fdd3 elementor-widget elementor-widget-text-editor\" data-id=\"3129fdd3\" data-element_type=\"widget\" data-widget_type=\"text-editor.default\">\n\t\t\t\t<div class=\"elementor-widget-container\">\n\t\t\t\t\t\t\t\t\t<p><span style=\"font-weight: 400\">Saviez-vous que les EHPAD repr\u00e9sentent 7 TWh\/an de consommation d\u2019\u00e9nergie, soit 1% de la consommation nationale, avec des factures pouvant atteindre 70 000 \u20ac HT pour un \u00e9tablissement de 3 000 m\u00b2 ? <\/span><\/p><p><span style=\"font-weight: 400\">D\u00e9couvrez les chiffres cl\u00e9s, les enjeux r\u00e9glementaires comme le D\u00e9cret Tertiaire, et les leviers concrets pour <\/span><b>r\u00e9duire jusqu\u2019\u00e0 30% de la consommation<\/b><span style=\"font-weight: 400\"> gr\u00e2ce \u00e0 la sobri\u00e9t\u00e9 \u00e9nerg\u00e9tique. <\/span><\/p><p><span style=\"font-weight: 400\">Des solutions \u00e0 faible co\u00fbt aux investissements structurants, explorez les strat\u00e9gies pour allier ma\u00eetrise des d\u00e9penses et confort des r\u00e9sidents, tout en pr\u00e9parant votre \u00e9tablissement \u00e0 l\u2019obligation de r\u00e9duction de -40% d\u2019\u00e9nergie d\u2019ici 2030.<\/span><\/p><ol><li style=\"font-weight: 400\"><span style=\"font-weight: 400\">La consommation d\u2019\u00e9nergie des EHPAD en chiffres<\/span><\/li><li style=\"font-weight: 400\"><span style=\"font-weight: 400\">Les enjeux : entre obligations r\u00e9glementaires et imp\u00e9ratifs de confort<\/span><\/li><li style=\"font-weight: 400\"><span style=\"font-weight: 400\">Quels leviers pour une premi\u00e8re optimisation \u00e9nerg\u00e9tique ?<\/span><\/li><li style=\"font-weight: 400\"><span style=\"font-weight: 400\">Les investissements structurants pour une performance \u00e9nerg\u00e9tique durable<\/span><\/li><li style=\"font-weight: 400\"><span style=\"font-weight: 400\">Mettre en place un plan d\u2019action et piloter sa strat\u00e9gie \u00e9nerg\u00e9tique<\/span><\/li><\/ol>\t\t\t\t\t\t\t\t<\/div>\n\t\t\t\t<\/div>\n\t\t\t\t<\/div>\n\t\t\t\t\t<\/div>\n\t\t\t\t<\/div>\n\t\t<div class=\"elementor-element elementor-element-e471745 blog-elementor e-flex e-con-boxed e-con e-child\" data-id=\"e471745\" data-element_type=\"container\" data-settings=\"{&quot;background_background&quot;:&quot;classic&quot;}\">\n\t\t\t\t\t<div class=\"e-con-inner\">\n\t\t<div class=\"elementor-element elementor-element-bea8497 e-con-full e-flex e-con e-child\" data-id=\"bea8497\" data-element_type=\"container\">\n\t\t\t\t<div class=\"elementor-element elementor-element-a972474 elementor-widget elementor-widget-heading\" data-id=\"a972474\" data-element_type=\"widget\" data-widget_type=\"heading.default\">\n\t\t\t\t<div class=\"elementor-widget-container\">\n\t\t\t\t\t<p class=\"elementor-heading-title elementor-size-default\">R\u00e9sum\u00e9 de l'article<\/p>\t\t\t\t<\/div>\n\t\t\t\t<\/div>\n\t\t\t\t<div class=\"elementor-element elementor-element-08e29d4 elementor-widget elementor-widget-text-editor\" data-id=\"08e29d4\" data-element_type=\"widget\" data-widget_type=\"text-editor.default\">\n\t\t\t\t<div class=\"elementor-widget-container\">\n\t\t\t\t\t\t\t\t\t<p><span style=\"font-weight: 400\">L&#8217;essentiel \u00e0 retenir : <\/span><b>Les EHPAD consomment en moyenne 250 kWh\/m\u00b2\/an<\/b><span style=\"font-weight: 400\">, avec le chauffage repr\u00e9sentant plus de 50% des co\u00fbts. R\u00e9duire cette consommation est crucial pour <\/span><b>all\u00e9ger les finances des \u00e9tablissements tout en pr\u00e9servant le confort<\/b><span style=\"font-weight: 400\"> des r\u00e9sidents. Des actions simples, comme l&#8217;optimisation des syst\u00e8mes existants, permettent de r\u00e9aliser jusqu&#8217;\u00e0 30% d&#8217;\u00e9conomies sans investissements lourds.<\/span><\/p>\t\t\t\t\t\t\t\t<\/div>\n\t\t\t\t<\/div>\n\t\t\t\t<\/div>\n\t\t\t\t\t<\/div>\n\t\t\t\t<\/div>\n\t\t<div class=\"elementor-element elementor-element-205df221 blog-elementor e-flex e-con-boxed e-con e-child\" data-id=\"205df221\" data-element_type=\"container\" data-settings=\"{&quot;background_background&quot;:&quot;classic&quot;}\">\n\t\t\t\t\t<div class=\"e-con-inner\">\n\t\t<div class=\"elementor-element elementor-element-1d09c3e1 e-con-full e-flex e-con e-child\" data-id=\"1d09c3e1\" data-element_type=\"container\">\n\t\t\t\t<div class=\"elementor-element elementor-element-22e1d13 elementor-widget elementor-widget-heading\" data-id=\"22e1d13\" data-element_type=\"widget\" data-widget_type=\"heading.default\">\n\t\t\t\t<div class=\"elementor-widget-container\">\n\t\t\t\t\t<h2 class=\"elementor-heading-title elementor-size-default\">La consommation d\u2019\u00e9nergie des EHPAD en chiffres<\/h2>\t\t\t\t<\/div>\n\t\t\t\t<\/div>\n\t\t\t\t<div class=\"elementor-element elementor-element-2383d5bc elementor-widget elementor-widget-text-editor\" data-id=\"2383d5bc\" data-element_type=\"widget\" data-widget_type=\"text-editor.default\">\n\t\t\t\t<div class=\"elementor-widget-container\">\n\t\t\t\t\t\t\t\t\t<p><span style=\"font-weight: 400\">Les <\/span><b>EHPAD figurent parmi les b\u00e2timents les plus \u00e9nergivores<\/b><span style=\"font-weight: 400\"> en France. Leur fonctionnement permanent et les exigences de confort pour des r\u00e9sidents majoritairement \u00e2g\u00e9s de plus de 80 ans expliquent une <strong>consommation moyenne de 250 kWh\/m\u00b2\/an<\/strong> en \u00e9nergie finale. Cette valeur peut atteindre 300 kWh\/m\u00b2\/an selon l\u2019isolation ou la typologie des b\u00e2timents, mais certains \u00e9tablissements r\u00e9ussissent \u00e0 descendre sous 150 kWh\/m\u00b2\/an gr\u00e2ce \u00e0 des am\u00e9liorations cibl\u00e9es.<\/span><\/p>\t\t\t\t\t\t\t\t<\/div>\n\t\t\t\t<\/div>\n\t\t\t\t<div class=\"elementor-element elementor-element-9d38b93 elementor-widget elementor-widget-heading\" data-id=\"9d38b93\" data-element_type=\"widget\" data-widget_type=\"heading.default\">\n\t\t\t\t<div class=\"elementor-widget-container\">\n\t\t\t\t\t<h3 class=\"elementor-heading-title elementor-size-default\">Un secteur particuli\u00e8rement \u00e9nergivore<\/h3>\t\t\t\t<\/div>\n\t\t\t\t<\/div>\n\t\t\t\t<div class=\"elementor-element elementor-element-f6dff18 elementor-widget elementor-widget-text-editor\" data-id=\"f6dff18\" data-element_type=\"widget\" data-widget_type=\"text-editor.default\">\n\t\t\t\t<div class=\"elementor-widget-container\">\n\t\t\t\t\t\t\t\t\t<p><span style=\"font-weight: 400\">Le secteur repr\u00e9sente 7 TWh\/an toutes \u00e9nergies confondues, soit <strong>environ 1 % de la consommation nationale<\/strong> (hors p\u00e9trole). <\/span><span style=\"font-weight: 400\">Pour un EHPAD moyen de 3 000 m\u00b2, la facture \u00e9nerg\u00e9tique annuelle oscille entre 50 000 et 70 000 \u20ac HT. Ces co\u00fbts s\u2019accompagnent d\u2019\u00e9missions de CO2 estim\u00e9es entre 45 et 60 kg CO2\/m\u00b2\/an selon le mix \u00e9nerg\u00e9tique utilis\u00e9. Avec un parc vieillissant, ces donn\u00e9es soulignent <\/span><b>l\u2019enjeu de la transition \u00e9nerg\u00e9tique<\/b><span style=\"font-weight: 400\"> pour ces \u00e9tablissements.<\/span><\/p>\t\t\t\t\t\t\t\t<\/div>\n\t\t\t\t<\/div>\n\t\t\t\t<\/div>\n\t\t\t\t\t<\/div>\n\t\t\t\t<\/div>\n\t\t<div class=\"elementor-element elementor-element-b93c4cc e-flex e-con-boxed e-con e-child\" data-id=\"b93c4cc\" data-element_type=\"container\" data-settings=\"{&quot;background_background&quot;:&quot;classic&quot;}\">\n\t\t\t\t\t<div class=\"e-con-inner\">\n\t\t<div class=\"elementor-element elementor-element-9006dd8 e-con-full e-flex e-con e-child\" data-id=\"9006dd8\" data-element_type=\"container\">\n\t\t\t\t<div class=\"elementor-element elementor-element-29353e0 elementor-widget elementor-widget-heading\" data-id=\"29353e0\" data-element_type=\"widget\" data-widget_type=\"heading.default\">\n\t\t\t\t<div class=\"elementor-widget-container\">\n\t\t\t\t\t<h3 class=\"elementor-heading-title elementor-size-default\">R\u00e9partition des postes de consommation<\/h3>\t\t\t\t<\/div>\n\t\t\t\t<\/div>\n\t\t\t\t<div class=\"elementor-element elementor-element-c55016f elementor-widget elementor-widget-text-editor\" data-id=\"c55016f\" data-element_type=\"widget\" data-widget_type=\"text-editor.default\">\n\t\t\t\t<div class=\"elementor-widget-container\">\n\t\t\t\t\t\t\t\t\t<p>\n\/* Styles du tableau *\/<br \/>\n.responsive-table {<br \/>\n  width: 100%;<br \/>\n  border-collapse: collapse;<br \/>\n  margin: 20px 0;<br \/>\n  font-family: Arial, sans-serif;<br \/>\n}<\/p>\n<p>.responsive-table th,<br \/>\n.responsive-table td {<br \/>\n  border: 1px solid #003146;<br \/>\n  padding: 10px;<br \/>\n  text-align: left;<br \/>\n}<\/p>\n<p>.responsive-table th {<br \/>\n  background-color: #003146;<br \/>\n  color: #ffffff;<br \/>\n  font-weight: bold;<br \/>\n}<\/p>\n<p>.responsive-table td {<br \/>\n  color: #003146;<br \/>\n}<\/p>\n<p>\/* Styles responsive pour mobile *\/<br \/>\n@media screen and (max-width: 600px) {<br \/>\n  .responsive-table thead {<br \/>\n    display: none; \/* Masque l'en-t\u00eate *\/<br \/>\n  }<\/p>\n<p>  .responsive-table,<br \/>\n  .responsive-table tbody,<br \/>\n  .responsive-table tr,<br \/>\n  .responsive-table td {<br \/>\n    display: block;<br \/>\n    width: 100%;<br \/>\n  }<\/p>\n<p>  .responsive-table tr {<br \/>\n    margin-bottom: 15px;<br \/>\n    border-bottom: 2px solid #003146;<br \/>\n  }<\/p>\n<p>  .responsive-table td {<br \/>\n    text-align: right;<br \/>\n    padding-left: 50%;<br \/>\n    position: relative;<br \/>\n  }<\/p>\n<p>  .responsive-table td::before {<br \/>\n    content: attr(data-label);<br \/>\n    position: absolute;<br \/>\n    left: 10px;<br \/>\n    width: 45%;<br \/>\n    padding-left: 10px;<br \/>\n    font-weight: bold;<br \/>\n    text-align: left;<br \/>\n    color: #003146;<br \/>\n  }<br \/>\n}<br \/>\n<\/p><table class=\"responsive-table\"><thead><tr><th>Poste de consommation<\/th><th>Part de la consommation totale (%)<\/th><\/tr><\/thead><tbody><tr><td data-label=\"Poste de consommation\">Chauffage<\/td><td data-label=\"Part de la consommation totale (%)\">Plus de 50%<\/td><\/tr><tr><td data-label=\"Poste de consommation\">Eau Chaude Sanitaire (ECS)<\/td><td data-label=\"Part de la consommation totale (%)\">Environ 19%<\/td><\/tr><tr><td data-label=\"Poste de consommation\">\u00c9clairage<\/td><td data-label=\"Part de la consommation totale (%)\">Variable (poste significatif)<\/td><\/tr><tr><td data-label=\"Poste de consommation\">Cuisines (\u00e9quipements, chambres froides)<\/td><td data-label=\"Part de la consommation totale (%)\">Variable (poste significatif)<\/td><\/tr><tr><td data-label=\"Poste de consommation\">Autres (\u00e9quipements m\u00e9dicaux, num\u00e9rique)<\/td><td data-label=\"Part de la consommation totale (%)\">Variable (poste significatif)<\/td><\/tr><\/tbody><\/table>\t\t\t\t\t\t\t\t<\/div>\n\t\t\t\t<\/div>\n\t\t\t\t<div class=\"elementor-element elementor-element-4477282 elementor-widget elementor-widget-text-editor\" data-id=\"4477282\" data-element_type=\"widget\" data-widget_type=\"text-editor.default\">\n\t\t\t\t<div class=\"elementor-widget-container\">\n\t\t\t\t\t\t\t\t\t<p><span style=\"font-weight: 400\">Comme le montre le tableau, le<strong> chauffage domine largement les d\u00e9penses \u00e9nerg\u00e9tiques.<\/strong> <\/span><\/p><p><span style=\"font-weight: 400\">Viennent ensuite l\u2019eau chaude sanitaire (19 %) et l\u2019\u00e9clairage, dont les co\u00fbts varient selon les \u00e9quipements. Les cuisines, avec leurs chambres froides et hottes d\u2019extraction, constituent un poste non n\u00e9gligeable. <\/span><span style=\"font-weight: 400\">En parall\u00e8le, la consommation d\u2019eau atteint 60 \u00e0 90 m\u00b3 par r\u00e9sident et par an, un enjeu majeur pour la transition \u00e9nerg\u00e9tique. <\/span><\/p><p><span style=\"font-weight: 400\">Selon un<\/span><a href=\"https:\/\/www.senat.fr\/rap\/r23-778\/r23-77812.html\"> <span style=\"font-weight: 400\">rapport s\u00e9natorial<\/span><\/a><span style=\"font-weight: 400\">, <\/span><b>ce double d\u00e9fi \u2013 \u00e9nergie et eau<\/b><span style=\"font-weight: 400\"> \u2013 impose une gestion rigoureuse pour r\u00e9pondre aux objectifs du D\u00e9cret Tertiaire.<\/span><\/p>\t\t\t\t\t\t\t\t<\/div>\n\t\t\t\t<\/div>\n\t\t\t\t<\/div>\n\t\t\t\t\t<\/div>\n\t\t\t\t<\/div>\n\t\t\t\t<div class=\"elementor-element elementor-element-10dc7b7 elementor-widget elementor-widget-text-editor\" data-id=\"10dc7b7\" data-element_type=\"widget\" data-widget_type=\"text-editor.default\">\n\t\t\t\t<div class=\"elementor-widget-container\">\n\t\t\t\t\t\t\t\t\t<p><span style=\"font-weight: 400\">Maintenant que le calendrier est clair, il est bon de se rappeler les fondamentaux. Qu&#8217;est-ce que ce fameux <\/span><b>d\u00e9cret BACS exige concr\u00e8tement<\/b><span style=\"font-weight: 400\"> ?<\/span><\/p>\t\t\t\t\t\t\t\t<\/div>\n\t\t\t\t<\/div>\n\t\t<div class=\"elementor-element elementor-element-faa6c76 e-flex e-con-boxed e-con e-child\" data-id=\"faa6c76\" data-element_type=\"container\" data-settings=\"{&quot;background_background&quot;:&quot;classic&quot;}\">\n\t\t\t\t\t<div class=\"e-con-inner\">\n\t\t\t\t<div class=\"elementor-element elementor-element-7ab88f9 elementor-widget elementor-widget-heading\" data-id=\"7ab88f9\" data-element_type=\"widget\" data-widget_type=\"heading.default\">\n\t\t\t\t<div class=\"elementor-widget-container\">\n\t\t\t\t\t<h2 class=\"elementor-heading-title elementor-size-default\">Les enjeux : entre obligations r\u00e9glementaires et imp\u00e9ratifs de confort\n<\/h2>\t\t\t\t<\/div>\n\t\t\t\t<\/div>\n\t\t\t\t<div class=\"elementor-element elementor-element-d71f2d4 elementor-widget elementor-widget-heading\" data-id=\"d71f2d4\" data-element_type=\"widget\" data-widget_type=\"heading.default\">\n\t\t\t\t<div class=\"elementor-widget-container\">\n\t\t\t\t\t<h3 class=\"elementor-heading-title elementor-size-default\">L\u2019impact du d\u00e9cret tertiaire sur les EHPAD<\/h3>\t\t\t\t<\/div>\n\t\t\t\t<\/div>\n\t\t<div class=\"elementor-element elementor-element-c4cb6ee e-grid e-con-full e-con e-child\" data-id=\"c4cb6ee\" data-element_type=\"container\">\n\t\t\t\t<div class=\"elementor-element elementor-element-b9ea2f4 blog-elementor elementor-widget elementor-widget-text-editor\" data-id=\"b9ea2f4\" data-element_type=\"widget\" data-widget_type=\"text-editor.default\">\n\t\t\t\t<div class=\"elementor-widget-container\">\n\t\t\t\t\t\t\t\t\t<p><span style=\"font-weight: 400\">Quelles obligations p\u00e8sent sur les gestionnaires d\u2019EHPAD ? <strong>Le D\u00e9cret Tertiaire <\/strong>cible les<strong> b\u00e2timents tertiaires de 1 000 m\u00b2 ou plus, incluant les EHPAD. <\/strong><\/span><\/p><p><span style=\"font-weight: 400\">Ces \u00e9tablissements <\/span><b>doivent r\u00e9duire leur consommation d\u2019\u00e9nergie finale de -40 % d\u2019ici 2030<\/b><span style=\"font-weight: 400\">, -50 % en 2040 et -60 % en 2050 par rapport \u00e0 une ann\u00e9e de r\u00e9f\u00e9rence. Les donn\u00e9es doivent \u00eatre d\u00e9clar\u00e9es sur la plateforme OPERAT de l\u2019ADEME. En cas de non-respect, des amendes jusqu\u2019\u00e0 7 500 \u20ac sont pr\u00e9vues.<\/span><\/p><p><a href=\"https:\/\/www.lsmart.co\/decret-tertiaire\/\"><span style=\"font-weight: 400\">Tout savoir sur les obligations du D\u00e9cret Tertiaire<\/span><\/a><span style=\"font-weight: 400\"> pour une mise en conformit\u00e9.<\/span><\/p>\t\t\t\t\t\t\t\t<\/div>\n\t\t\t\t<\/div>\n\t\t\t\t<div class=\"elementor-element elementor-element-de415bc elementor-widget elementor-widget-image\" data-id=\"de415bc\" data-element_type=\"widget\" data-widget_type=\"image.default\">\n\t\t\t\t<div class=\"elementor-widget-container\">\n\t\t\t\t\t\t\t\t\t\t\t\t\t\t\t<img fetchpriority=\"high\" decoding=\"async\" width=\"1024\" height=\"559\" src=\"https:\/\/www.lsmart.co\/es\/app\/uploads\/2025\/12\/ehpad-decret-tertiaire-1024x559.webp\" class=\"attachment-large size-large wp-image-6687\" alt=\"Cartel del decreto terciario para residencias de ancianos\" srcset=\"https:\/\/www.lsmart.co\/es\/app\/uploads\/2025\/12\/ehpad-decret-tertiaire-1024x559.webp 1024w, https:\/\/www.lsmart.co\/es\/app\/uploads\/2025\/12\/ehpad-decret-tertiaire-300x164.webp 300w, https:\/\/www.lsmart.co\/es\/app\/uploads\/2025\/12\/ehpad-decret-tertiaire-768x419.webp 768w, https:\/\/www.lsmart.co\/es\/app\/uploads\/2025\/12\/ehpad-decret-tertiaire.webp 1408w\" sizes=\"(max-width: 1024px) 100vw, 1024px\" \/>\t\t\t\t\t\t\t\t\t\t\t\t\t\t\t<\/div>\n\t\t\t\t<\/div>\n\t\t\t\t<\/div>\n\t\t\t\t\t<\/div>\n\t\t\t\t<\/div>\n\t\t<div class=\"elementor-element elementor-element-32792fa blog-elementor e-flex e-con-boxed e-con e-child\" data-id=\"32792fa\" data-element_type=\"container\" data-settings=\"{&quot;background_background&quot;:&quot;classic&quot;}\">\n\t\t\t\t\t<div class=\"e-con-inner\">\n\t\t<div class=\"elementor-element elementor-element-b563950 e-con-full e-flex e-con e-child\" data-id=\"b563950\" data-element_type=\"container\">\n\t\t\t\t<div class=\"elementor-element elementor-element-a868e6b elementor-widget elementor-widget-heading\" data-id=\"a868e6b\" data-element_type=\"widget\" data-widget_type=\"heading.default\">\n\t\t\t\t<div class=\"elementor-widget-container\">\n\t\t\t\t\t<h3 class=\"elementor-heading-title elementor-size-default\">L\u2019\u00e9quilibre fragile entre confort des r\u00e9sidents et sobri\u00e9t\u00e9<\/h3>\t\t\t\t<\/div>\n\t\t\t\t<\/div>\n\t\t\t\t<div class=\"elementor-element elementor-element-4801e39 elementor-widget elementor-widget-text-editor\" data-id=\"4801e39\" data-element_type=\"widget\" data-widget_type=\"text-editor.default\">\n\t\t\t\t<div class=\"elementor-widget-container\">\n\t\t\t\t\t\t\t\t\t<p><span style=\"font-weight: 400\">Comment garantir un confort thermique en r\u00e9duisant l\u2019\u00e9nergie ? Les r\u00e9sidents des EHPAD, majoritairement \u00e2g\u00e9s de plus de 80 ans, n\u00e9cessitent une temp\u00e9rature stable entre 20\u00b0C et 22\u00b0C, selon les directives du gouvernement. Les personnes vuln\u00e9rables souffrent d\u2019une r\u00e9gulation thermique d\u00e9faillante, aggrav\u00e9e par des traitements m\u00e9dicaux. Pourtant, la modernisation des \u00e9quipements (num\u00e9rique, s\u00e9curit\u00e9) peut alourdir la facture \u00e9nerg\u00e9tique, cr\u00e9ant un <\/span><b>paradoxe entre innovation et sobri\u00e9t\u00e9<\/b><span style=\"font-weight: 400\">.<\/span><a href=\"https:\/\/www.ecologie.gouv.fr\/politiques-publiques\/chauffage-batiments\"> <span style=\"font-weight: 400\">Conna\u00eetre les temp\u00e9ratures r\u00e9glementaires<\/span><\/a><span style=\"font-weight: 400\"> pour respecter ces normes.<\/span><\/p><p><span style=\"font-weight: 400\">Un EHPAD consomme en moyenne 250 kWh\/m\u00b2\/an. Les syst\u00e8mes de r\u00e9gulation automatis\u00e9e (vannes thermostatiques, sondes d\u2019ambiance) <\/span><b>permettent d\u2019\u00e9conomiser 10 \u00e0 15 % sans compromettre le confort<\/b><span style=\"font-weight: 400\">. Ces solutions doivent \u00eatre int\u00e9gr\u00e9es dans une strat\u00e9gie globale pour r\u00e9pondre aux exigences du d\u00e9cret.<\/span><\/p>\t\t\t\t\t\t\t\t<\/div>\n\t\t\t\t<\/div>\n\t\t\t\t<div class=\"elementor-element elementor-element-4454b38 elementor-widget elementor-widget-heading\" data-id=\"4454b38\" data-element_type=\"widget\" data-widget_type=\"heading.default\">\n\t\t\t\t<div class=\"elementor-widget-container\">\n\t\t\t\t\t<h3 class=\"elementor-heading-title elementor-size-default\">La pression financi\u00e8re accentu\u00e9e par la crise \u00e9nerg\u00e9tique\n<\/h3>\t\t\t\t<\/div>\n\t\t\t\t<\/div>\n\t\t\t\t<div class=\"elementor-element elementor-element-619d4ab elementor-widget elementor-widget-text-editor\" data-id=\"619d4ab\" data-element_type=\"widget\" data-widget_type=\"text-editor.default\">\n\t\t\t\t<div class=\"elementor-widget-container\">\n\t\t\t\t\t\t\t\t\t<p><span style=\"font-weight: 400\">Les d\u00e9penses d&#8217;\u00e9nergie peuvent para\u00eetre faibles en pourcentage des charges totales, mais elles absorbent une part consid\u00e9rable de la capacit\u00e9 d&#8217;autofinancement des \u00e9tablissements, limitant leur capacit\u00e9 \u00e0 investir.<\/span><\/p><p><span style=\"font-weight: 400\">Les EHPAD de 3 000 m\u00b2 d\u00e9pensent entre 50 000 et 70 000 \u20ac HT annuels en \u00e9nergie. Face \u00e0 la hausse des co\u00fbts, les investissements pour la r\u00e9novation (estim\u00e9s entre 27 et 67 milliards d\u2019euros d\u2019ici 2050) deviennent un d\u00e9fi majeur. Les actions \u00e0 faible co\u00fbt, comme l\u2019optimisation du chauffage ou les \u00e9cogestes du personnel, permettent <\/span><b>d\u2019\u00e9conomiser jusqu\u2019\u00e0 30 % sans investissement lourd<\/b><span style=\"font-weight: 400\">. Ces mesures constituent un levier cl\u00e9 pour respecter les objectifs du D\u00e9cret Tertiaire tout en pr\u00e9servant le budget.<\/span><\/p><p><span style=\"font-weight: 400\">Des aides existent pour soutenir ces transitions. Le ch\u00e8que \u00e9nergie peut couvrir une partie des frais \u00e9nerg\u00e9tiques pour les r\u00e9sidents \u00e9ligibles. Les \u00e9tablissements peuvent aussi b\u00e9n\u00e9ficier de bonifications financi\u00e8res pour les projets BBC. Toutefois, ces dispositifs restent insuffisants pour couvrir l\u2019ensemble des besoins.<\/span><\/p>\t\t\t\t\t\t\t\t<\/div>\n\t\t\t\t<\/div>\n\t\t\t\t<\/div>\n\t\t\t\t\t<\/div>\n\t\t\t\t<\/div>\n\t\t<div class=\"elementor-element elementor-element-a4c99d9 e-flex e-con-boxed e-con e-child\" data-id=\"a4c99d9\" data-element_type=\"container\" data-settings=\"{&quot;background_background&quot;:&quot;classic&quot;}\">\n\t\t\t\t\t<div class=\"e-con-inner\">\n\t\t<div class=\"elementor-element elementor-element-5e935c7 e-con-full e-flex e-con e-child\" data-id=\"5e935c7\" data-element_type=\"container\">\n\t\t\t\t<div class=\"elementor-element elementor-element-5db7f56 elementor-widget elementor-widget-heading\" data-id=\"5db7f56\" data-element_type=\"widget\" data-widget_type=\"heading.default\">\n\t\t\t\t<div class=\"elementor-widget-container\">\n\t\t\t\t\t<h2 class=\"elementor-heading-title elementor-size-default\">Quels leviers pour une premi\u00e8re optimisation \u00e9nerg\u00e9tique ?<\/h2>\t\t\t\t<\/div>\n\t\t\t\t<\/div>\n\t\t\t\t<div class=\"elementor-element elementor-element-770d52e elementor-widget elementor-widget-text-editor\" data-id=\"770d52e\" data-element_type=\"widget\" data-widget_type=\"text-editor.default\">\n\t\t\t\t<div class=\"elementor-widget-container\">\n\t\t\t\t\t\t\t\t\t<p><span style=\"font-weight: 400\">Les EHPAD concentrent des enjeux \u00e9nerg\u00e9tiques uniques : besoins sanitaires exigeants, fonctionnement 24h\/24 et sensibilit\u00e9 des r\u00e9sidents aux variations thermiques. Pourtant, <\/span><b>des actions simples, sans travaux lourds, permettent des \u00e9conomies notables<\/b><span style=\"font-weight: 400\">. Ces premi\u00e8res mesures pr\u00e9parent \u00e0 des r\u00e9novations plus co\u00fbteuses, tout en pr\u00e9servant le confort des personnes \u00e2g\u00e9es.<\/span><\/p>\t\t\t\t\t\t\t\t<\/div>\n\t\t\t\t<\/div>\n\t\t\t\t<div class=\"elementor-element elementor-element-0e81df0 elementor-widget elementor-widget-heading\" data-id=\"0e81df0\" data-element_type=\"widget\" data-widget_type=\"heading.default\">\n\t\t\t\t<div class=\"elementor-widget-container\">\n\t\t\t\t\t<h3 class=\"elementor-heading-title elementor-size-default\">Actions de sobri\u00e9t\u00e9 et optimisation des usages<\/h3>\t\t\t\t<\/div>\n\t\t\t\t<\/div>\n\t\t\t\t<div class=\"elementor-element elementor-element-4b108fc elementor-widget elementor-widget-text-editor\" data-id=\"4b108fc\" data-element_type=\"widget\" data-widget_type=\"text-editor.default\">\n\t\t\t\t<div class=\"elementor-widget-container\">\n\t\t\t\t\t\t\t\t\t<p><span style=\"font-weight: 400\">La sobri\u00e9t\u00e9 \u00e9nerg\u00e9tique dans les EHPAD repose sur deux leviers : <\/span><b>modifier les comportements du personnel et optimiser les \u00e9quipements existants<\/b><span style=\"font-weight: 400\">. Ces ajustements, souvent sous-\u00e9valu\u00e9s, n\u00e9cessitent un engagement collectif et un suivi structur\u00e9.<\/span><\/p><p><span style=\"font-weight: 400\">Des actions de sobri\u00e9t\u00e9 et d&#8217;optimisation bien men\u00e9es peuvent permettre de <strong>r\u00e9duire la consommation d&#8217;environ 30%<\/strong>, atteignant ainsi le premier objectif du D\u00e9cret Tertiaire sans investissement majeur.<\/span><\/p><ul><li style=\"font-weight: 400\"><b>Optimisation de la r\u00e9gulation du chauffage<\/b><span style=\"font-weight: 400\"> : Adapter les horaires aux heures d\u2019occupation et installer des sondes d\u2019ambiance pour \u00e9viter les surchauffes.<\/span><\/li><li style=\"font-weight: 400\"><b>Formation du personnel aux \u00e9cogestes<\/b><span style=\"font-weight: 400\"> : Sensibiliser \u00e0 l\u2019extinction des lumi\u00e8res, mais aussi \u00e0 la gestion des portes des chambres froides et \u00e0 l\u2019usage raisonn\u00e9 des hottes en cuisine.<\/span><\/li><li style=\"font-weight: 400\"><b>Suivi des consommations<\/b><span style=\"font-weight: 400\"> : Analyser les donn\u00e9es mensuelles pour d\u00e9tecter des pics anormaux (fuites d\u2019eau chaude, pompe d\u00e9faillante) et ajuster les pratiques.<\/span><\/li><li style=\"font-weight: 400\"><b>Gestion de l\u2019eau<\/b><span style=\"font-weight: 400\"> : Installer des mousseurs pour r\u00e9duire de 30 \u00e0 50 % la consommation d\u2019eau chaude, un poste repr\u00e9sentant jusqu\u2019\u00e0 20 % de la facture \u00e9nerg\u00e9tique.<\/span><\/li><\/ul>\t\t\t\t\t\t\t\t<\/div>\n\t\t\t\t<\/div>\n\t\t\t\t<\/div>\n\t\t\t\t\t<\/div>\n\t\t\t\t<\/div>\n\t\t<div class=\"elementor-element elementor-element-8293973 e-flex e-con-boxed e-con e-child\" data-id=\"8293973\" data-element_type=\"container\" data-settings=\"{&quot;background_background&quot;:&quot;classic&quot;}\">\n\t\t\t\t\t<div class=\"e-con-inner\">\n\t\t<div class=\"elementor-element elementor-element-3044439 e-con-full container-img-to-zoom e-flex e-con e-child\" data-id=\"3044439\" data-element_type=\"container\">\n\t\t\t\t<div class=\"elementor-element elementor-element-2e41bf3 img-to-zoom elementor-widget-tablet__width-initial elementor-widget elementor-widget-image\" data-id=\"2e41bf3\" data-element_type=\"widget\" data-widget_type=\"image.default\">\n\t\t\t\t<div class=\"elementor-widget-container\">\n\t\t\t\t\t\t\t\t\t\t\t\t\t\t\t<img decoding=\"async\" src=\"https:\/\/www.lsmart.co\/es\/app\/uploads\/elementor\/thumbs\/suivi-energie-ehpad-scaled-rg8tatkqvx2shj7wonfbqybf7nmcqs4cn1fzp36i6g.webp\" title=\"suivi-energie-ehpad\" alt=\"Cuadro de control y seguimiento energ\u00e9tico para residencias de ancianos\" loading=\"lazy\" \/>\t\t\t\t\t\t\t\t\t\t\t\t\t\t\t<\/div>\n\t\t\t\t<\/div>\n\t\t\t\t<\/div>\n\t\t<div class=\"elementor-element elementor-element-8292446 e-con-full e-flex e-con e-child\" data-id=\"8292446\" data-element_type=\"container\">\n\t\t\t\t<div class=\"elementor-element elementor-element-8b1a2f0 elementor-widget elementor-widget-heading\" data-id=\"8b1a2f0\" data-element_type=\"widget\" data-widget_type=\"heading.default\">\n\t\t\t\t<div class=\"elementor-widget-container\">\n\t\t\t\t\t<h3 class=\"elementor-heading-title elementor-size-default\">L'importance du suivi et du pilotage<\/h3>\t\t\t\t<\/div>\n\t\t\t\t<\/div>\n\t\t\t\t<div class=\"elementor-element elementor-element-6cdc696 elementor-widget elementor-widget-text-editor\" data-id=\"6cdc696\" data-element_type=\"widget\" data-widget_type=\"text-editor.default\">\n\t\t\t\t<div class=\"elementor-widget-container\">\n\t\t\t\t\t\t\t\t\t<p><span style=\"font-weight: 400\">Les \u00e9conomies d\u00e9pendent d\u2019un suivi actif. L\u2019analyse des donn\u00e9es permet de <\/span><b>valider les gains et d\u2019identifier de nouvelles opportunit\u00e9s<\/b><span style=\"font-weight: 400\">, comme un r\u00e9glage incorrect des syst\u00e8mes de ventilation.<\/span><\/p><p><span style=\"font-weight: 400\">Les outils comme la plateforme OPERAT de l\u2019ADEME offrent un cadre pour mesurer les progr\u00e8s. L\u2019appui de conseillers sp\u00e9cialis\u00e9s (CTEES) acc\u00e9l\u00e8re la d\u00e9marche en apportant expertise et benchmarks. En savoir plus sur<\/span><a href=\"https:\/\/www.lsmart.co\/vos-enjeux-energetiques\/\"> <b>optimiser la performance \u00e9nerg\u00e9tique des b\u00e2timents<\/b><\/a><span style=\"font-weight: 400\">.<\/span><\/p><p><span style=\"font-weight: 400\">En combinant ces actions \u00e0 un pilotage rigoureux, un EHPAD peut <\/span><b>r\u00e9duire sa facture \u00e9nerg\u00e9tique de 15 \u00e0 25 % d\u00e8s la premi\u00e8re ann\u00e9e<\/b><span style=\"font-weight: 400\">, tout en respectant les objectifs du D\u00e9cret Tertiaire (40 % d\u2019ici 2030, 60 % d\u2019ici 2050).<\/span><\/p>\t\t\t\t\t\t\t\t<\/div>\n\t\t\t\t<\/div>\n\t\t\t\t<\/div>\n\t\t\t\t\t<\/div>\n\t\t\t\t<\/div>\n\t\t<div class=\"elementor-element elementor-element-62e048b blog-elementor e-flex e-con-boxed e-con e-child\" data-id=\"62e048b\" data-element_type=\"container\" data-settings=\"{&quot;background_background&quot;:&quot;classic&quot;}\">\n\t\t\t\t\t<div class=\"e-con-inner\">\n\t\t<div class=\"elementor-element elementor-element-89bbf74 e-con-full e-flex e-con e-child\" data-id=\"89bbf74\" data-element_type=\"container\">\n\t\t\t\t<div class=\"elementor-element elementor-element-801966d elementor-widget elementor-widget-heading\" data-id=\"801966d\" data-element_type=\"widget\" data-widget_type=\"heading.default\">\n\t\t\t\t<div class=\"elementor-widget-container\">\n\t\t\t\t\t<h2 class=\"elementor-heading-title elementor-size-default\">Les investissements structurants pour une performance \u00e9nerg\u00e9tique durable<\/h2>\t\t\t\t<\/div>\n\t\t\t\t<\/div>\n\t\t\t\t<div class=\"elementor-element elementor-element-6321750 elementor-widget elementor-widget-text-editor\" data-id=\"6321750\" data-element_type=\"widget\" data-widget_type=\"text-editor.default\">\n\t\t\t\t<div class=\"elementor-widget-container\">\n\t\t\t\t\t\t\t\t\t<p><span style=\"font-weight: 400\">Pour r\u00e9pondre aux exigences du d\u00e9cret tertiaire (r\u00e9duction de 40% d&#8217;\u00e9nergie d&#8217;ici 2030), les EHPAD doivent r\u00e9aliser des <\/span><b>investissements lourds<\/b><span style=\"font-weight: 400\">. En effet, 40% du parc immobilier de ces \u00e9tablissements date d&#8217;avant 1980, n\u00e9cessitant des r\u00e9novations profondes pour atteindre les objectifs climatiques tout en pr\u00e9servant le confort des r\u00e9sidents.<\/span><\/p>\t\t\t\t\t\t\t\t<\/div>\n\t\t\t\t<\/div>\n\t\t\t\t<div class=\"elementor-element elementor-element-9391338 elementor-widget elementor-widget-heading\" data-id=\"9391338\" data-element_type=\"widget\" data-widget_type=\"heading.default\">\n\t\t\t\t<div class=\"elementor-widget-container\">\n\t\t\t\t\t<h3 class=\"elementor-heading-title elementor-size-default\">R\u00e9novation de l\u2019enveloppe du b\u00e2timent\n\n<\/h3>\t\t\t\t<\/div>\n\t\t\t\t<\/div>\n\t\t\t\t<div class=\"elementor-element elementor-element-c822878 elementor-widget elementor-widget-text-editor\" data-id=\"c822878\" data-element_type=\"widget\" data-widget_type=\"text-editor.default\">\n\t\t\t\t<div class=\"elementor-widget-container\">\n\t\t\t\t\t\t\t\t\t<p><span style=\"font-weight: 400\">L\u2019isolation thermique repr\u00e9sente le premier levier d\u2019action. Les travaux prioritaires concernent la toiture, les combles, les murs et les menuiseries. Le remplacement par du double ou triple vitrage permet de limiter les d\u00e9perditions calorifiques, souvent <\/span><b>responsables de 50% des besoins \u00e9nerg\u00e9tiques<\/b><span style=\"font-weight: 400\">.<\/span><\/p><p><span style=\"font-weight: 400\">Pour \u00eatre pertinentes, ces op\u00e9rations doivent garantir un <\/span><b>gain minimal de 30% sur la consommation d&#8217;\u00e9nergie<\/b><span style=\"font-weight: 400\">. Par exemple, l&#8217;isolation des r\u00e9seaux hydrauliques permet d\u2019\u00e9viter les pertes de chaleur dans les canalisations, am\u00e9liorant l\u2019efficacit\u00e9 du syst\u00e8me de chauffage.<\/span><\/p>\t\t\t\t\t\t\t\t<\/div>\n\t\t\t\t<\/div>\n\t\t\t\t<div class=\"elementor-element elementor-element-88dd1d6 elementor-widget elementor-widget-heading\" data-id=\"88dd1d6\" data-element_type=\"widget\" data-widget_type=\"heading.default\">\n\t\t\t\t<div class=\"elementor-widget-container\">\n\t\t\t\t\t<h3 class=\"elementor-heading-title elementor-size-default\">Modernisation des syst\u00e8mes techniques\n<\/h3>\t\t\t\t<\/div>\n\t\t\t\t<\/div>\n\t\t\t\t<div class=\"elementor-element elementor-element-696b224 elementor-widget elementor-widget-text-editor\" data-id=\"696b224\" data-element_type=\"widget\" data-widget_type=\"text-editor.default\">\n\t\t\t\t<div class=\"elementor-widget-container\">\n\t\t\t\t\t\t\t\t\t<ul><li style=\"font-weight: 400\"><b>Syst\u00e8mes de chauffage<\/b><span style=\"font-weight: 400\"> : Remplacement des chaudi\u00e8res obsol\u00e8tes par des mod\u00e8les \u00e0 condensation ou des pompes \u00e0 chaleur hybrides. Le raccordement \u00e0 un r\u00e9seau de chaleur urbain g\u00e9n\u00e8re jusqu\u2019\u00e0 45% d\u2019\u00e9conomies annuelles et \u00e9limine les co\u00fbts d\u2019entretien des chaudi\u00e8res.<\/span><\/li><li style=\"font-weight: 400\"><span style=\"font-weight: 400\">\u00c9clairage : Transition vers l\u2019LED avec d\u00e9tecteurs de pr\u00e9sence, <\/span><b>r\u00e9duisant de 60% la consommation d\u2019\u00e9nergie<\/b><span style=\"font-weight: 400\"> par rapport \u00e0 des syst\u00e8mes classiques.<\/span><\/li><li style=\"font-weight: 400\"><b>Gestion Technique du B\u00e2timent (GTB)<\/b><span style=\"font-weight: 400\"> : L\u2019installation de<\/span><a href=\"https:\/\/www.lsmart.co\/blog\/difference-gtb-gtc\/\"> <span style=\"font-weight: 400\">syst\u00e8mes GTB<\/span><\/a><span style=\"font-weight: 400\"> permet un pilotage centralis\u00e9 du chauffage, ventilation et \u00e9clairage. Cet outil digital optimise les consommations en temps r\u00e9el, avec un retour sur investissement souvent inf\u00e9rieur \u00e0 2 ans.<\/span><\/li><li style=\"font-weight: 400\"><b>\u00c9nergies renouvelables<\/b> : Les panneaux solaires photovolta\u00efques offrent des \u00e9conomies de 35-40% sur les factures \u00e9lectriques. L\u2019EHPAD de Marcols-les-Eaux g\u00e9n\u00e8re ainsi 100 MWh\/an, \u00e9vitant 38 tonnes d\u2019\u00e9missions CO2.<\/li><\/ul>\t\t\t\t\t\t\t\t<\/div>\n\t\t\t\t<\/div>\n\t\t\t\t<div class=\"elementor-element elementor-element-468fc46 elementor-widget elementor-widget-heading\" data-id=\"468fc46\" data-element_type=\"widget\" data-widget_type=\"heading.default\">\n\t\t\t\t<div class=\"elementor-widget-container\">\n\t\t\t\t\t<h3 class=\"elementor-heading-title elementor-size-default\">Financement et accompagnement des projets\n<\/h3>\t\t\t\t<\/div>\n\t\t\t\t<\/div>\n\t\t\t\t<div class=\"elementor-element elementor-element-57f58d7 elementor-widget elementor-widget-text-editor\" data-id=\"57f58d7\" data-element_type=\"widget\" data-widget_type=\"text-editor.default\">\n\t\t\t\t<div class=\"elementor-widget-container\">\n\t\t\t\t\t\t\t\t\t<p><span style=\"font-weight: 400\">Les investissements n\u00e9cessaires, estim\u00e9s entre 27 et 67 milliards d\u2019ici 2050, <\/span><b>sont soutenus par des dispositifs sp\u00e9cifiques<\/b><span style=\"font-weight: 400\">. Les<\/span><a href=\"https:\/\/www.lsmart.co\/blog\/decret-bacs-gtb-financement\/\"> <span style=\"font-weight: 400\">primes CEE<\/span><\/a><span style=\"font-weight: 400\"> couvrent jusqu\u2019\u00e0 100% des co\u00fbts pour certains travaux, tandis que le r\u00e9seau des CTEES (165 conseillers d\u00e9di\u00e9s) accompagne les \u00e9tablissements dans la d\u00e9finition de plans d\u2019action pluriannuels.<\/span><\/p><p><span style=\"font-weight: 400\">Les Contrats de Performance \u00c9nerg\u00e9tique (CPE) garantissent des r\u00e9sultats mesurables, avec des p\u00e9nalit\u00e9s en cas de non-respect des objectifs. Ces m\u00e9canismes associ\u00e9s \u00e0 des aides publiques (subventions ARS, TVA r\u00e9duite \u00e0 5,5%) <\/span><b>rendent les projets accessibles, m\u00eame pour des \u00e9tablissements publics<\/b><span style=\"font-weight: 400\"> confront\u00e9s \u00e0 des contraintes budg\u00e9taires.<\/span><\/p>\t\t\t\t\t\t\t\t<\/div>\n\t\t\t\t<\/div>\n\t\t\t\t<\/div>\n\t\t\t\t\t<\/div>\n\t\t\t\t<\/div>\n\t\t<div class=\"elementor-element elementor-element-46e0561 e-flex e-con-boxed e-con e-child\" data-id=\"46e0561\" data-element_type=\"container\" data-settings=\"{&quot;background_background&quot;:&quot;classic&quot;}\">\n\t\t\t\t\t<div class=\"e-con-inner\">\n\t\t<div class=\"elementor-element elementor-element-e02e14b e-con-full e-flex e-con e-child\" data-id=\"e02e14b\" data-element_type=\"container\">\n\t\t\t\t<div class=\"elementor-element elementor-element-3fe6b13 elementor-widget elementor-widget-heading\" data-id=\"3fe6b13\" data-element_type=\"widget\" data-widget_type=\"heading.default\">\n\t\t\t\t<div class=\"elementor-widget-container\">\n\t\t\t\t\t<h2 class=\"elementor-heading-title elementor-size-default\">Mettre en place un plan d\u2019action et piloter sa strat\u00e9gie \u00e9nerg\u00e9tique<\/h2>\t\t\t\t<\/div>\n\t\t\t\t<\/div>\n\t\t\t\t<div class=\"elementor-element elementor-element-d1ade61 elementor-widget elementor-widget-text-editor\" data-id=\"d1ade61\" data-element_type=\"widget\" data-widget_type=\"text-editor.default\">\n\t\t\t\t<div class=\"elementor-widget-container\">\n\t\t\t\t\t\t\t\t\t<p><span style=\"font-weight: 400\">Pour un EHPAD, r\u00e9duire sa consommation \u00e9nergie ehpad exige une strat\u00e9gie structur\u00e9e. Le D\u00e9cret Tertiaire impose une r\u00e9duction de 40 % d\u2019ici 2030. Cela passe par un <\/span><b>audit \u00e9nerg\u00e9tique et patrimonial<\/b><span style=\"font-weight: 400\"> pour identifier les priorit\u00e9s. Ces audits analysent les factures, les donn\u00e9es techniques, et mod\u00e9lisent les gains possibles.<\/span><\/p><p><span style=\"font-weight: 400\">Fixer des objectifs clairs et mesurables est essentiel. La norme<\/span><a href=\"https:\/\/www.lsmart.co\/iso-50001\/\"> <span style=\"font-weight: 400\">ISO 50001<\/span><\/a><span style=\"font-weight: 400\"> propose un cadre de gestion \u00e9nerg\u00e9tique, garantissant une am\u00e9lioration continue. En suivant ce r\u00e9f\u00e9rentiel, un EHPAD peut <\/span><b>\u00e9conomiser 15 \u00e0 25 % de sa facture annuelle<\/b><span style=\"font-weight: 400\">, tout en respectant les exigences r\u00e9glementaires.<\/span><\/p>\t\t\t\t\t\t\t\t<\/div>\n\t\t\t\t<\/div>\n\t\t\t\t<div class=\"elementor-element elementor-element-21cbdf9 elementor-widget elementor-widget-heading\" data-id=\"21cbdf9\" data-element_type=\"widget\" data-widget_type=\"heading.default\">\n\t\t\t\t<div class=\"elementor-widget-container\">\n\t\t\t\t\t<h3 class=\"elementor-heading-title elementor-size-default\">Les outils et les acteurs pour vous accompagner<\/h3>\t\t\t\t<\/div>\n\t\t\t\t<\/div>\n\t\t\t\t<div class=\"elementor-element elementor-element-2c08c7b elementor-widget elementor-widget-text-editor\" data-id=\"2c08c7b\" data-element_type=\"widget\" data-widget_type=\"text-editor.default\">\n\t\t\t\t<div class=\"elementor-widget-container\">\n\t\t\t\t\t\t\t\t\t<p><span style=\"font-weight: 400\">Pour r\u00e9ussir cette transition, <\/span><b>plusieurs outils et partenaires sont disponibles<\/b><span style=\"font-weight: 400\"> :<\/span><\/p><ul><li style=\"font-weight: 400\"><b>La plateforme OPERAT<\/b><span style=\"font-weight: 400\"> : Outil obligatoire pour d\u00e9clarer ses consommations, mais aussi une base comparative pour \u00e9valuer sa performance \u00e9nerg\u00e9tique.<\/span><\/li><li style=\"font-weight: 400\"><b>Les conseillers en transition \u00e9cologique (CTEES)<\/b><span style=\"font-weight: 400\"> : Experts d\u00e9di\u00e9s, financ\u00e9s par la CNSA et la DGOS, qui accompagnent les \u00e9tablissements dans leurs diagnostics, plans d\u2019action et recherches de financements.<\/span><\/li><li style=\"font-weight: 400\"><b>Les logiciels de management \u00e9nerg\u00e9tique<\/b><span style=\"font-weight: 400\"> : Des plateformes comme<\/span><a href=\"https:\/\/www.lsmart.co\/\"> <span style=\"font-weight: 400\">L&amp;Smart<\/span><\/a><span style=\"font-weight: 400\"> permettent un suivi en temps r\u00e9el des consommations et un pilotage intelligent pour optimiser les d\u00e9penses.<\/span><\/li><\/ul>\t\t\t\t\t\t\t\t<\/div>\n\t\t\t\t<\/div>\n\t\t\t\t<\/div>\n\t\t\t\t\t<\/div>\n\t\t\t\t<\/div>\n\t\t<div class=\"elementor-element elementor-element-c800595 e-flex e-con-boxed e-con e-child\" data-id=\"c800595\" data-element_type=\"container\" data-settings=\"{&quot;background_background&quot;:&quot;classic&quot;}\">\n\t\t\t\t\t<div class=\"e-con-inner\">\n\t\t<div class=\"elementor-element elementor-element-7b9a6fb e-con-full e-flex e-con e-child\" data-id=\"7b9a6fb\" data-element_type=\"container\">\n\t\t\t\t<div class=\"elementor-element elementor-element-eb7f408 elementor-widget elementor-widget-text-editor\" data-id=\"eb7f408\" data-element_type=\"widget\" data-widget_type=\"text-editor.default\">\n\t\t\t\t<div class=\"elementor-widget-container\">\n\t\t\t\t\t\t\t\t\t<p><span style=\"font-weight: 400\">La transition \u00e9nerg\u00e9tique des EHPAD est un d\u00e9fi \u00e0 la fois \u00e9cologique, \u00e9conomique et social. Elle assure une ma\u00eetrise des co\u00fbts, un meilleur cadre de vie pour les r\u00e9sidents, et une conformit\u00e9 r\u00e9glementaire. En mobilisant ces ressources, les \u00e9tablissements peuvent <\/span><b>allier responsabilit\u00e9 environnementale et p\u00e9rennit\u00e9 financi\u00e8re<\/b><span style=\"font-weight: 400\">.<\/span><\/p><p><span style=\"font-weight: 400\">La transition \u00e9nerg\u00e9tique des EHPAD, complexe mais incontournable, repose sur un <\/span><b>\u00e9quilibre entre sobri\u00e9t\u00e9 imm\u00e9diate et investissements structurants<\/b><span style=\"font-weight: 400\">. En combinant suivi rigoureux, optimisation des usages et r\u00e9novation ambitieuse, ces \u00e9tablissements peuvent <\/span><b>r\u00e9duire leur impact environnemental, ma\u00eetriser leurs co\u00fbts<\/b><span style=\"font-weight: 400\"> et am\u00e9liorer le<strong> confort des r\u00e9sidents<\/strong>, tout en b\u00e9n\u00e9ficiant d\u2019un accompagnement expert et d\u2019outils de pilotage adapt\u00e9s.<\/span><\/p>\t\t\t\t\t\t\t\t<\/div>\n\t\t\t\t<\/div>\n\t\t\t\t<\/div>\n\t\t<div class=\"elementor-element elementor-element-4233e85 e-con-full container-img-to-zoom e-flex e-con e-child\" data-id=\"4233e85\" data-element_type=\"container\">\n\t\t\t\t<div class=\"elementor-element elementor-element-e1712cd img-to-zoom elementor-widget-tablet__width-initial elementor-widget elementor-widget-image\" data-id=\"e1712cd\" data-element_type=\"widget\" data-widget_type=\"image.default\">\n\t\t\t\t<div class=\"elementor-widget-container\">\n\t\t\t\t\t\t\t\t\t\t\t\t\t\t\t<img decoding=\"async\" src=\"https:\/\/www.lsmart.co\/es\/app\/uploads\/elementor\/thumbs\/ehpad-accompagnement-confort-scaled-rg8tatkqvx2shj7wonfbqybf7nmcqs4cn1fzp36i6g.webp\" title=\"ehpad-accompagnement-confort\" alt=\"Zoom mano a mano entre pacientes y personal sanitario\" loading=\"lazy\" \/>\t\t\t\t\t\t\t\t\t\t\t\t\t\t\t<\/div>\n\t\t\t\t<\/div>\n\t\t\t\t<\/div>\n\t\t\t\t\t<\/div>\n\t\t\t\t<\/div>\n\t\t<div class=\"elementor-element elementor-element-a52478a e-flex e-con-boxed e-con e-child\" data-id=\"a52478a\" data-element_type=\"container\" data-settings=\"{&quot;background_background&quot;:&quot;classic&quot;}\">\n\t\t\t\t\t<div class=\"e-con-inner\">\n\t\t\t\t<div class=\"elementor-element elementor-element-4b45707 elementor-widget elementor-widget-heading\" data-id=\"4b45707\" data-element_type=\"widget\" data-widget_type=\"heading.default\">\n\t\t\t\t<div class=\"elementor-widget-container\">\n\t\t\t\t\t<p class=\"elementor-heading-title elementor-size-default\">FAQ -  EHPAD &amp; D\u00e9cret Tertiaire<\/p>\t\t\t\t<\/div>\n\t\t\t\t<\/div>\n\t\t\t\t<div class=\"elementor-element elementor-element-be7d42a accordion elementor-widget elementor-widget-accordion\" data-id=\"be7d42a\" data-element_type=\"widget\" data-widget_type=\"accordion.default\">\n\t\t\t\t<div class=\"elementor-widget-container\">\n\t\t\t\t\t\t\t<div class=\"elementor-accordion\">\n\t\t\t\t\t\t\t<div class=\"elementor-accordion-item\">\n\t\t\t\t\t<h3 id=\"elementor-tab-title-1991\" class=\"elementor-tab-title\" data-tab=\"1\" role=\"button\" aria-controls=\"elementor-tab-content-1991\" aria-expanded=\"false\">\n\t\t\t\t\t\t\t\t\t\t\t\t\t<span class=\"elementor-accordion-icon elementor-accordion-icon-right\" aria-hidden=\"true\">\n\t\t\t\t\t\t\t\t\t\t\t\t\t\t\t<span class=\"elementor-accordion-icon-closed\"><i class=\"fas fa-chevron-down\"><\/i><\/span>\n\t\t\t\t\t\t\t\t<span class=\"elementor-accordion-icon-opened\"><i class=\"fas fa-chevron-up\"><\/i><\/span>\n\t\t\t\t\t\t\t\t\t\t\t\t\t\t<\/span>\n\t\t\t\t\t\t\t\t\t\t\t\t<a class=\"elementor-accordion-title\" tabindex=\"0\">Quelle est la consommation moyenne d\u2019un EHPAD en kWh par jour ?<\/a>\n\t\t\t\t\t<\/h3>\n\t\t\t\t\t<div id=\"elementor-tab-content-1991\" class=\"elementor-tab-content elementor-clearfix\" data-tab=\"1\" role=\"region\" aria-labelledby=\"elementor-tab-title-1991\"><p><span style=\"font-weight: 400;\">Un EHPAD consomme en moyenne environ <\/span><b>250 kWh par m\u00e8tre carr\u00e9 et par an<\/b><span style=\"font-weight: 400;\">. Pour un \u00e9tablissement de 3 000 m\u00b2, cela repr\u00e9sente environ 750 000 kWh\/an, soit environ 2 055 kWh par jour. Cette consommation varie selon la taille, l\u2019isolation du b\u00e2timent et les \u00e9quipements utilis\u00e9s. Les \u00e9tablissements les plus performants, gr\u00e2ce \u00e0 des r\u00e9novations \u00e9nerg\u00e9tiques, peuvent descendre sous les 150 kWh\/m\u00b2\/an.<\/span><\/p><\/div>\n\t\t\t\t<\/div>\n\t\t\t\t\t\t\t<div class=\"elementor-accordion-item\">\n\t\t\t\t\t<h3 id=\"elementor-tab-title-1992\" class=\"elementor-tab-title\" data-tab=\"2\" role=\"button\" aria-controls=\"elementor-tab-content-1992\" aria-expanded=\"false\">\n\t\t\t\t\t\t\t\t\t\t\t\t\t<span class=\"elementor-accordion-icon elementor-accordion-icon-right\" aria-hidden=\"true\">\n\t\t\t\t\t\t\t\t\t\t\t\t\t\t\t<span class=\"elementor-accordion-icon-closed\"><i class=\"fas fa-chevron-down\"><\/i><\/span>\n\t\t\t\t\t\t\t\t<span class=\"elementor-accordion-icon-opened\"><i class=\"fas fa-chevron-up\"><\/i><\/span>\n\t\t\t\t\t\t\t\t\t\t\t\t\t\t<\/span>\n\t\t\t\t\t\t\t\t\t\t\t\t<a class=\"elementor-accordion-title\" tabindex=\"0\">Pourquoi les EHPAD sont-ils confront\u00e9s \u00e0 des d\u00e9fis \u00e9nerg\u00e9tiques ?<\/a>\n\t\t\t\t\t<\/h3>\n\t\t\t\t\t<div id=\"elementor-tab-content-1992\" class=\"elementor-tab-content elementor-clearfix\" data-tab=\"2\" role=\"region\" aria-labelledby=\"elementor-tab-title-1992\"><p><span style=\"font-weight: 400;\">Les EHPAD sont des b\u00e2timents \u00e0 forte consommation \u00e9nerg\u00e9tique en raison de leur fonctionnement 24h\/24, 7j\/7, et des besoins sp\u00e9cifiques de confort thermique des r\u00e9sidents \u00e2g\u00e9s. Le chauffage, principal poste de d\u00e9pense (plus de 50% de l\u2019\u00e9nergie totale), est indispensable pour maintenir une temp\u00e9rature stable. En outre, les cuisines, l\u2019\u00e9clairage permanent et les \u00e9quipements m\u00e9dicaux contribuent \u00e0 une demande \u00e9nerg\u00e9tique \u00e9lev\u00e9e. Ces contraintes, coupl\u00e9es aux exigences du D\u00e9cret Tertiaire, rendent leur <\/span><b>transition \u00e9nerg\u00e9tique complexe<\/b><span style=\"font-weight: 400;\">.<\/span><\/p><\/div>\n\t\t\t\t<\/div>\n\t\t\t\t\t\t\t<div class=\"elementor-accordion-item\">\n\t\t\t\t\t<h3 id=\"elementor-tab-title-1993\" class=\"elementor-tab-title\" data-tab=\"3\" role=\"button\" aria-controls=\"elementor-tab-content-1993\" aria-expanded=\"false\">\n\t\t\t\t\t\t\t\t\t\t\t\t\t<span class=\"elementor-accordion-icon elementor-accordion-icon-right\" aria-hidden=\"true\">\n\t\t\t\t\t\t\t\t\t\t\t\t\t\t\t<span class=\"elementor-accordion-icon-closed\"><i class=\"fas fa-chevron-down\"><\/i><\/span>\n\t\t\t\t\t\t\t\t<span class=\"elementor-accordion-icon-opened\"><i class=\"fas fa-chevron-up\"><\/i><\/span>\n\t\t\t\t\t\t\t\t\t\t\t\t\t\t<\/span>\n\t\t\t\t\t\t\t\t\t\t\t\t<a class=\"elementor-accordion-title\" tabindex=\"0\">Quels sont les trois principaux postes de consommation d\u2019\u00e9nergie ?<\/a>\n\t\t\t\t\t<\/h3>\n\t\t\t\t\t<div id=\"elementor-tab-content-1993\" class=\"elementor-tab-content elementor-clearfix\" data-tab=\"3\" role=\"region\" aria-labelledby=\"elementor-tab-title-1993\"><p><b>Les trois postes les plus significatifs sont :<\/b><span style=\"font-weight: 400;\"> &#8211; Chauffage : Plus de 50% de la consommation totale, n\u00e9cessaire pour assurer un confort thermique aux r\u00e9sidents fragiles. &#8211; Eau Chaude Sanitaire (ECS) : Environ 19% des d\u00e9penses, li\u00e9e \u00e0 l\u2019hygi\u00e8ne et aux besoins quotidiens. &#8211; \u00c9clairage, cuisines et \u00e9quipements : Ces usages repr\u00e9sentent une part variable mais non n\u00e9gligeable, notamment les syst\u00e8mes de s\u00e9curit\u00e9, les hottes de cuisine ou les installations m\u00e9dicales.<\/span><\/p><\/div>\n\t\t\t\t<\/div>\n\t\t\t\t\t\t\t<div class=\"elementor-accordion-item\">\n\t\t\t\t\t<h3 id=\"elementor-tab-title-1994\" class=\"elementor-tab-title\" data-tab=\"4\" role=\"button\" aria-controls=\"elementor-tab-content-1994\" aria-expanded=\"false\">\n\t\t\t\t\t\t\t\t\t\t\t\t\t<span class=\"elementor-accordion-icon elementor-accordion-icon-right\" aria-hidden=\"true\">\n\t\t\t\t\t\t\t\t\t\t\t\t\t\t\t<span class=\"elementor-accordion-icon-closed\"><i class=\"fas fa-chevron-down\"><\/i><\/span>\n\t\t\t\t\t\t\t\t<span class=\"elementor-accordion-icon-opened\"><i class=\"fas fa-chevron-up\"><\/i><\/span>\n\t\t\t\t\t\t\t\t\t\t\t\t\t\t<\/span>\n\t\t\t\t\t\t\t\t\t\t\t\t<a class=\"elementor-accordion-title\" tabindex=\"0\">Quelles obligations r\u00e9glementaires s\u2019appliquent aux EHPAD ?<\/a>\n\t\t\t\t\t<\/h3>\n\t\t\t\t\t<div id=\"elementor-tab-content-1994\" class=\"elementor-tab-content elementor-clearfix\" data-tab=\"4\" role=\"region\" aria-labelledby=\"elementor-tab-title-1994\"><p><span style=\"font-weight: 400;\">Les EHPAD de plus de 1 000 m\u00b2 sont soumis au D\u00e9cret Tertiaire, qui impose une <\/span><b>r\u00e9duction progressive de leur consommation \u00e9nerg\u00e9tique<\/b><span style=\"font-weight: 400;\"> : -40 % d\u2019ici 2030, -50 % en 2040 et -60 % en 2050 par rapport \u00e0 une ann\u00e9e de r\u00e9f\u00e9rence. Ils doivent aussi d\u00e9clarer leurs consommations sur la plateforme OPERAT et \u00e9laborer un plan d\u2019action pluriannuel. Ces obligations visent \u00e0 aligner leur gestion \u00e9nerg\u00e9tique avec les objectifs de sobri\u00e9t\u00e9 nationale.<\/span><\/p><\/div>\n\t\t\t\t<\/div>\n\t\t\t\t\t\t\t<div class=\"elementor-accordion-item\">\n\t\t\t\t\t<h3 id=\"elementor-tab-title-1995\" class=\"elementor-tab-title\" data-tab=\"5\" role=\"button\" aria-controls=\"elementor-tab-content-1995\" aria-expanded=\"false\">\n\t\t\t\t\t\t\t\t\t\t\t\t\t<span class=\"elementor-accordion-icon elementor-accordion-icon-right\" aria-hidden=\"true\">\n\t\t\t\t\t\t\t\t\t\t\t\t\t\t\t<span class=\"elementor-accordion-icon-closed\"><i class=\"fas fa-chevron-down\"><\/i><\/span>\n\t\t\t\t\t\t\t\t<span class=\"elementor-accordion-icon-opened\"><i class=\"fas fa-chevron-up\"><\/i><\/span>\n\t\t\t\t\t\t\t\t\t\t\t\t\t\t<\/span>\n\t\t\t\t\t\t\t\t\t\t\t\t<a class=\"elementor-accordion-title\" tabindex=\"0\">Combien de kWh un EHPAD consomme-t-il par jour en hiver ?<\/a>\n\t\t\t\t\t<\/h3>\n\t\t\t\t\t<div id=\"elementor-tab-content-1995\" class=\"elementor-tab-content elementor-clearfix\" data-tab=\"5\" role=\"region\" aria-labelledby=\"elementor-tab-title-1995\"><p><span style=\"font-weight: 400;\">En hiver, le chauffage repr\u00e9sente la majeure partie de la consommation, souvent plus de 50 %. Pour un EHPAD moyen de 3 000 m\u00b2, la consommation journali\u00e8re peut atteindre <\/span><b>3 000 \u00e0 4 000 kWh par jour<\/b><span style=\"font-weight: 400;\"> pendant les p\u00e9riodes froides, contre une moyenne annuelle d\u2019environ 2 055 kWh. Cette hausse s\u2019explique par le besoin de maintenir une temp\u00e9rature stable (environ 22\u00b0C) pour le bien-\u00eatre des r\u00e9sidents.<\/span><\/p><\/div>\n\t\t\t\t<\/div>\n\t\t\t\t\t\t\t<div class=\"elementor-accordion-item\">\n\t\t\t\t\t<h3 id=\"elementor-tab-title-1996\" class=\"elementor-tab-title\" data-tab=\"6\" role=\"button\" aria-controls=\"elementor-tab-content-1996\" aria-expanded=\"false\">\n\t\t\t\t\t\t\t\t\t\t\t\t\t<span class=\"elementor-accordion-icon elementor-accordion-icon-right\" aria-hidden=\"true\">\n\t\t\t\t\t\t\t\t\t\t\t\t\t\t\t<span class=\"elementor-accordion-icon-closed\"><i class=\"fas fa-chevron-down\"><\/i><\/span>\n\t\t\t\t\t\t\t\t<span class=\"elementor-accordion-icon-opened\"><i class=\"fas fa-chevron-up\"><\/i><\/span>\n\t\t\t\t\t\t\t\t\t\t\t\t\t\t<\/span>\n\t\t\t\t\t\t\t\t\t\t\t\t<a class=\"elementor-accordion-title\" tabindex=\"0\">Quel est le co\u00fbt approximatif de 1 heure en kWh dans un EHPAD ?<\/a>\n\t\t\t\t\t<\/h3>\n\t\t\t\t\t<div id=\"elementor-tab-content-1996\" class=\"elementor-tab-content elementor-clearfix\" data-tab=\"6\" role=\"region\" aria-labelledby=\"elementor-tab-title-1996\"><p><span style=\"font-weight: 400;\">Le co\u00fbt du kWh d\u00e9pend des fournisseurs et des contrats, mais il se situe g\u00e9n\u00e9ralement entre 0,10 \u20ac et 0,20 \u20ac TTC pour l\u2019\u00e9lectricit\u00e9. Pour un EHPAD, <\/span><b>une heure de consommation peut donc varier en fonction de l\u2019usage<\/b><span style=\"font-weight: 400;\"> : un \u00e9clairage LED (0,01 \u20ac\/h) versus une chaudi\u00e8re \u00e9lectrique (0,50 \u20ac\/h ou plus). Les factures incluent aussi des co\u00fbts fixes comme les r\u00e9seaux et les taxes, ce qui complexifie l\u2019estimation horaire pr\u00e9cise.<\/span><\/p><\/div>\n\t\t\t\t<\/div>\n\t\t\t\t\t\t\t\t<\/div>\n\t\t\t\t\t\t<\/div>\n\t\t\t\t<\/div>\n\t\t\t\t\t<\/div>\n\t\t\t\t<\/div>\n\t\t<div class=\"elementor-element elementor-element-104023a4 e-con-full e-flex e-con e-child\" data-id=\"104023a4\" data-element_type=\"container\" data-settings=\"{&quot;background_background&quot;:&quot;classic&quot;}\">\n\t\t\t\t<div class=\"elementor-element elementor-element-674fae06 elementor-widget elementor-widget-heading\" data-id=\"674fae06\" data-element_type=\"widget\" data-widget_type=\"heading.default\">\n\t\t\t\t<div class=\"elementor-widget-container\">\n\t\t\t\t\t<p class=\"elementor-heading-title elementor-size-default\">Assurez la conformit\u00e9 de votre EHPAD au D\u00e9cret Tertiaire<\/p>\t\t\t\t<\/div>\n\t\t\t\t<\/div>\n\t\t\t\t<div class=\"elementor-element elementor-element-5625b972 elementor-mobile-align-center btn-to-hover creating-account elementor-align-center elementor-widget__width-inherit elementor-widget elementor-widget-button\" data-id=\"5625b972\" data-element_type=\"widget\" data-widget_type=\"button.default\">\n\t\t\t\t<div class=\"elementor-widget-container\">\n\t\t\t\t\t\t\t\t\t<div class=\"elementor-button-wrapper\">\n\t\t\t\t\t<a class=\"elementor-button elementor-button-link elementor-size-sm\" href=\"\/contact\/\">\n\t\t\t\t\t\t<span class=\"elementor-button-content-wrapper\">\n\t\t\t\t\t\t<span class=\"elementor-button-icon\">\n\t\t\t\t<svg xmlns=\"http:\/\/www.w3.org\/2000\/svg\" width=\"17.555\" height=\"20.281\" viewBox=\"0 0 17.555 20.281\"><g id=\"Groupe_1957\" data-name=\"Groupe 1957\" transform=\"translate(-264.354 -22.81)\"><path id=\"Trac&#xE9;_7026\" data-name=\"Trac&#xE9; 7026\" d=\"M371.774,672.839l8.727,8.726-8.727,8.727\" transform=\"translate(-100.006 -648.615)\" fill=\"none\" stroke=\"#003146\" stroke-linecap=\"round\" stroke-miterlimit=\"10\" stroke-width=\"2\"><\/path><path id=\"Trac&#xE9;_7027\" data-name=\"Trac&#xE9; 7027\" d=\"M371.774,672.839l8.727,8.726-8.727,8.727\" transform=\"translate(-106.006 -648.615)\" fill=\"none\" stroke=\"#003146\" stroke-linecap=\"round\" stroke-miterlimit=\"10\" stroke-width=\"2\"><\/path><\/g><\/svg>\t\t\t<\/span>\n\t\t\t\t\t\t\t\t\t<span class=\"elementor-button-text\"><span class=\"text-initial\">Contacter un expert<\/span><span class=\"text-hover\">Je contacte un expert<\/span><\/span>\n\t\t\t\t\t<\/span>\n\t\t\t\t\t<\/a>\n\t\t\t\t<\/div>\n\t\t\t\t\t\t\t\t<\/div>\n\t\t\t\t<\/div>\n\t\t\t\t<\/div>\n\t\t<div class=\"elementor-element elementor-element-40243136 e-flex e-con-boxed e-con e-child\" data-id=\"40243136\" data-element_type=\"container\">\n\t\t\t\t\t<div class=\"e-con-inner\">\n\t\t\t\t<div class=\"elementor-element elementor-element-7170e610 elementor-widget elementor-widget-heading\" data-id=\"7170e610\" data-element_type=\"widget\" data-widget_type=\"heading.default\">\n\t\t\t\t<div class=\"elementor-widget-container\">\n\t\t\t\t\t<p class=\"elementor-heading-title elementor-size-default\">Lire aussi<\/p>\t\t\t\t<\/div>\n\t\t\t\t<\/div>\n\t\t\t\t<div class=\"elementor-element elementor-element-62a68400 elementor-posts--align-left listing-blog-page elementor-grid-3 elementor-grid-tablet-2 elementor-grid-mobile-1 elementor-posts--thumbnail-top elementor-card-shadow-yes elementor-posts__hover-gradient elementor-widget elementor-widget-posts\" data-id=\"62a68400\" data-element_type=\"widget\" data-settings=\"{&quot;cards_columns&quot;:&quot;3&quot;,&quot;cards_columns_tablet&quot;:&quot;2&quot;,&quot;cards_columns_mobile&quot;:&quot;1&quot;,&quot;cards_row_gap&quot;:{&quot;unit&quot;:&quot;px&quot;,&quot;size&quot;:35,&quot;sizes&quot;:[]},&quot;cards_row_gap_tablet&quot;:{&quot;unit&quot;:&quot;px&quot;,&quot;size&quot;:&quot;&quot;,&quot;sizes&quot;:[]},&quot;cards_row_gap_mobile&quot;:{&quot;unit&quot;:&quot;px&quot;,&quot;size&quot;:&quot;&quot;,&quot;sizes&quot;:[]}}\" data-widget_type=\"posts.cards\">\n\t\t\t\t<div class=\"elementor-widget-container\">\n\t\t\t\t\t\t\t<div class=\"elementor-posts-container elementor-posts elementor-posts--skin-cards elementor-grid\" role=\"list\">\n\t\t\t\t<article class=\"elementor-post elementor-grid-item post-6659 post type-post status-publish format-standard has-post-thumbnail hentry category-blog tag-decret-tertiaire\" role=\"listitem\">\n\t\t\t<div class=\"elementor-post__card\">\n\t\t\t\t<a class=\"elementor-post__thumbnail__link\" href=\"https:\/\/www.lsmart.co\/es\/blog\/conso-energie-ehpad-decret-tertiaire\/\" tabindex=\"-1\" ><div class=\"elementor-post__thumbnail\"><img decoding=\"async\" width=\"2560\" height=\"1435\" src=\"https:\/\/www.lsmart.co\/es\/app\/uploads\/2025\/12\/ehpad-etablissement-pilotage-gtb-scaled.webp\" class=\"attachment-full size-full wp-image-6685\" alt=\"Fachada de un centro residencial para personas mayores con control BMS\" srcset=\"https:\/\/www.lsmart.co\/es\/app\/uploads\/2025\/12\/ehpad-etablissement-pilotage-gtb-scaled.webp 2560w, https:\/\/www.lsmart.co\/es\/app\/uploads\/2025\/12\/ehpad-etablissement-pilotage-gtb-300x168.webp 300w, https:\/\/www.lsmart.co\/es\/app\/uploads\/2025\/12\/ehpad-etablissement-pilotage-gtb-1024x574.webp 1024w, https:\/\/www.lsmart.co\/es\/app\/uploads\/2025\/12\/ehpad-etablissement-pilotage-gtb-768x430.webp 768w, https:\/\/www.lsmart.co\/es\/app\/uploads\/2025\/12\/ehpad-etablissement-pilotage-gtb-1536x861.webp 1536w, https:\/\/www.lsmart.co\/es\/app\/uploads\/2025\/12\/ehpad-etablissement-pilotage-gtb-2048x1148.webp 2048w\" sizes=\"(max-width: 2560px) 100vw, 2560px\" \/><\/div><\/a>\n\t\t\t\t<div class=\"elementor-post__badge\">D\u00e9cret tertiaire<\/div>\n\t\t\t\t<div class=\"elementor-post__text\">\n\t\t\t\t<h3 class=\"elementor-post__title\">\n\t\t\t<a href=\"https:\/\/www.lsmart.co\/es\/blog\/conso-energie-ehpad-decret-tertiaire\/\" >\n\t\t\t\t\u00c9nergie EHPAD : D\u00e9cret tertiaire, enjeux et solutions\t\t\t<\/a>\n\t\t<\/h3>\n\t\t\n\t\t<a class=\"elementor-post__read-more\" href=\"https:\/\/www.lsmart.co\/es\/blog\/conso-energie-ehpad-decret-tertiaire\/\" aria-label=\"M\u00e1s informaci\u00f3n sobre \u00c9nergie EHPAD : D\u00e9cret tertiaire, enjeux et solutions\" tabindex=\"-1\" >\n\t\t\tLire plus\t\t<\/a>\n\n\t\t\t\t<\/div>\n\t\t\t\t<div class=\"elementor-post__meta-data\">\n\t\t\t\t\t<span class=\"elementor-post-author\">\n\t\t\tSarah.S\t\t<\/span>\n\t\t\t\t<span class=\"elementor-post-date\">\n\t\t\t15 diciembre 2025\t\t<\/span>\n\t\t\t\t<\/div>\n\t\t\t\t\t<\/div>\n\t\t<\/article>\n\t\t\t\t<article class=\"elementor-post elementor-grid-item post-6556 post type-post status-publish format-standard has-post-thumbnail hentry category-blog tag-decret-bacs\" role=\"listitem\">\n\t\t\t<div class=\"elementor-post__card\">\n\t\t\t\t<a class=\"elementor-post__thumbnail__link\" href=\"https:\/\/www.lsmart.co\/es\/blog\/decret-bacs-report-2030\/\" tabindex=\"-1\" ><div class=\"elementor-post__thumbnail\"><img decoding=\"async\" width=\"2560\" height=\"1436\" src=\"https:\/\/www.lsmart.co\/es\/app\/uploads\/2025\/12\/loi-bacs-report-scaled.webp\" class=\"attachment-full size-full wp-image-6591\" alt=\"vista ordenador ley contenedores informe\" srcset=\"https:\/\/www.lsmart.co\/es\/app\/uploads\/2025\/12\/loi-bacs-report-scaled.webp 2560w, https:\/\/www.lsmart.co\/es\/app\/uploads\/2025\/12\/loi-bacs-report-300x168.webp 300w, https:\/\/www.lsmart.co\/es\/app\/uploads\/2025\/12\/loi-bacs-report-1024x574.webp 1024w, https:\/\/www.lsmart.co\/es\/app\/uploads\/2025\/12\/loi-bacs-report-768x431.webp 768w, https:\/\/www.lsmart.co\/es\/app\/uploads\/2025\/12\/loi-bacs-report-1536x862.webp 1536w, https:\/\/www.lsmart.co\/es\/app\/uploads\/2025\/12\/loi-bacs-report-2048x1149.webp 2048w\" sizes=\"(max-width: 2560px) 100vw, 2560px\" \/><\/div><\/a>\n\t\t\t\t<div class=\"elementor-post__badge\">D\u00e9cret BACS<\/div>\n\t\t\t\t<div class=\"elementor-post__text\">\n\t\t\t\t<h3 class=\"elementor-post__title\">\n\t\t\t<a href=\"https:\/\/www.lsmart.co\/es\/blog\/decret-bacs-report-2030\/\" >\n\t\t\t\tD\u00e9cret BACS : report \u00e0 2030, qui est vraiment concern\u00e9 ?\t\t\t<\/a>\n\t\t<\/h3>\n\t\t\n\t\t<a class=\"elementor-post__read-more\" href=\"https:\/\/www.lsmart.co\/es\/blog\/decret-bacs-report-2030\/\" aria-label=\"M\u00e1s informaci\u00f3n sobre D\u00e9cret BACS : report \u00e0 2030, qui est vraiment concern\u00e9 ?\" tabindex=\"-1\" >\n\t\t\tLire plus\t\t<\/a>\n\n\t\t\t\t<\/div>\n\t\t\t\t<div class=\"elementor-post__meta-data\">\n\t\t\t\t\t<span class=\"elementor-post-author\">\n\t\t\tSarah.S\t\t<\/span>\n\t\t\t\t<span class=\"elementor-post-date\">\n\t\t\t8 diciembre 2025\t\t<\/span>\n\t\t\t\t<\/div>\n\t\t\t\t\t<\/div>\n\t\t<\/article>\n\t\t\t\t<article class=\"elementor-post elementor-grid-item post-6508 post type-post status-publish format-standard has-post-thumbnail hentry category-blog tag-gtb\" role=\"listitem\">\n\t\t\t<div class=\"elementor-post__card\">\n\t\t\t\t<a class=\"elementor-post__thumbnail__link\" href=\"https:\/\/www.lsmart.co\/es\/blog\/installation-gtb-economies-confort\/\" tabindex=\"-1\" ><div class=\"elementor-post__thumbnail\"><img loading=\"lazy\" decoding=\"async\" width=\"2560\" height=\"1435\" src=\"https:\/\/www.lsmart.co\/es\/app\/uploads\/2025\/12\/gtb-batiment-energie-confort-cee-scaled.webp\" class=\"attachment-full size-full wp-image-6518\" alt=\"vista inferior edificios acristalados bms\" srcset=\"https:\/\/www.lsmart.co\/es\/app\/uploads\/2025\/12\/gtb-batiment-energie-confort-cee-scaled.webp 2560w, https:\/\/www.lsmart.co\/es\/app\/uploads\/2025\/12\/gtb-batiment-energie-confort-cee-300x168.webp 300w, https:\/\/www.lsmart.co\/es\/app\/uploads\/2025\/12\/gtb-batiment-energie-confort-cee-1024x574.webp 1024w, https:\/\/www.lsmart.co\/es\/app\/uploads\/2025\/12\/gtb-batiment-energie-confort-cee-768x430.webp 768w, https:\/\/www.lsmart.co\/es\/app\/uploads\/2025\/12\/gtb-batiment-energie-confort-cee-1536x861.webp 1536w, https:\/\/www.lsmart.co\/es\/app\/uploads\/2025\/12\/gtb-batiment-energie-confort-cee-2048x1148.webp 2048w\" sizes=\"(max-width: 2560px) 100vw, 2560px\" \/><\/div><\/a>\n\t\t\t\t<div class=\"elementor-post__badge\">GTB<\/div>\n\t\t\t\t<div class=\"elementor-post__text\">\n\t\t\t\t<h3 class=\"elementor-post__title\">\n\t\t\t<a href=\"https:\/\/www.lsmart.co\/es\/blog\/installation-gtb-economies-confort\/\" >\n\t\t\t\tLes cl\u00e9s de l&#8217;installation GTB pour des \u00e9conomies d&#8217;\u00e9nergie et un confort optimal\t\t\t<\/a>\n\t\t<\/h3>\n\t\t\n\t\t<a class=\"elementor-post__read-more\" href=\"https:\/\/www.lsmart.co\/es\/blog\/installation-gtb-economies-confort\/\" aria-label=\"M\u00e1s informaci\u00f3n sobre Les cl\u00e9s de l&#8217;installation GTB pour des \u00e9conomies d&#8217;\u00e9nergie et un confort optimal\" tabindex=\"-1\" >\n\t\t\tLire plus\t\t<\/a>\n\n\t\t\t\t<\/div>\n\t\t\t\t<div class=\"elementor-post__meta-data\">\n\t\t\t\t\t<span class=\"elementor-post-author\">\n\t\t\tSarah.S\t\t<\/span>\n\t\t\t\t<span class=\"elementor-post-date\">\n\t\t\t1 diciembre 2025\t\t<\/span>\n\t\t\t\t<\/div>\n\t\t\t\t\t<\/div>\n\t\t<\/article>\n\t\t\t\t<\/div>\n\t\t\n\t\t\t\t\t\t<\/div>\n\t\t\t\t<\/div>\n\t\t\t\t\t<\/div>\n\t\t\t\t<\/div>\n\t\t\t\t<\/div>\n\t\t\t\t<\/div>\n\t\t","protected":false},"excerpt":{"rendered":"<p><span class=\"span-reading-time rt-reading-time\" style=\"display: block;\"><span class=\"rt-label rt-prefix\">Temps de lecture\u00a0: <\/span> <span class=\"rt-time\"> 9<\/span> <span class=\"rt-label rt-postfix\">minutes<\/span><\/span>Sommaire min Saviez-vous que les EHPAD repr\u00e9sentent 7 TWh\/an de consommation d\u2019\u00e9nergie, soit 1% de la consommation nationale, avec des factures pouvant atteindre 70 000<\/p>\n","protected":false},"author":2,"featured_media":6685,"comment_status":"closed","ping_status":"open","sticky":false,"template":"elementor_header_footer","format":"standard","meta":{"neve_meta_sidebar":"","neve_meta_container":"","neve_meta_enable_content_width":"","neve_meta_content_width":0,"neve_meta_title_alignment":"","neve_meta_author_avatar":"","neve_post_elements_order":"","neve_meta_disable_header":"","neve_meta_disable_footer":"","neve_meta_disable_title":"","footnotes":""},"categories":[18],"tags":[26],"class_list":["post-6659","post","type-post","status-publish","format-standard","has-post-thumbnail","hentry","category-blog","tag-decret-tertiaire"],"yoast_head":"<!-- This site is optimized with the Yoast SEO plugin v26.5 - https:\/\/yoast.com\/wordpress\/plugins\/seo\/ -->\n<title>Consommation \u00e9nergie EHPAD: 250 kWh\/m\u00b2; Chauffage 50%<\/title>\n<meta name=\"description\" content=\"D\u00e9couvrez la consommation \u00e9nerg\u00e9tique des EHPAD, d\u00e9fis r\u00e9glementaires et solutions pour r\u00e9duire de 30% vos co\u00fbts.\" \/>\n<meta name=\"robots\" content=\"index, follow, max-snippet:-1, max-image-preview:large, max-video-preview:-1\" \/>\n<link rel=\"canonical\" href=\"https:\/\/www.lsmart.co\/es\/blog\/conso-energie-ehpad-decret-tertiaire\/\" \/>\n<meta property=\"og:locale\" content=\"es_ES\" \/>\n<meta property=\"og:type\" content=\"article\" \/>\n<meta property=\"og:title\" content=\"Consommation \u00e9nergie EHPAD: 250 kWh\/m\u00b2; Chauffage 50%\" \/>\n<meta property=\"og:description\" content=\"D\u00e9couvrez la consommation \u00e9nerg\u00e9tique des EHPAD, d\u00e9fis r\u00e9glementaires et solutions pour r\u00e9duire de 30% vos co\u00fbts.\" \/>\n<meta property=\"og:url\" content=\"https:\/\/www.lsmart.co\/es\/blog\/conso-energie-ehpad-decret-tertiaire\/\" \/>\n<meta property=\"og:site_name\" content=\"L&amp;Smart est\u00e1 revolucionando el rendimiento energ\u00e9tico de los edificios\" \/>\n<meta property=\"article:published_time\" content=\"2025-12-15T14:00:28+00:00\" \/>\n<meta property=\"article:modified_time\" content=\"2025-12-15T14:00:29+00:00\" \/>\n<meta property=\"og:image\" content=\"https:\/\/www.lsmart.co\/es\/app\/uploads\/2025\/12\/ehpad-etablissement-pilotage-gtb-scaled.webp\" \/>\n\t<meta property=\"og:image:width\" content=\"2560\" \/>\n\t<meta property=\"og:image:height\" content=\"1435\" \/>\n\t<meta property=\"og:image:type\" content=\"image\/webp\" \/>\n<meta name=\"author\" content=\"Sarah.S\" \/>\n<meta name=\"twitter:card\" content=\"summary_large_image\" \/>\n<meta name=\"twitter:label1\" content=\"Escrito por\" \/>\n\t<meta name=\"twitter:data1\" content=\"Sarah.S\" \/>\n\t<meta name=\"twitter:label2\" content=\"Tiempo de lectura\" \/>\n\t<meta name=\"twitter:data2\" content=\"13 minutos\" \/>\n<!-- \/ Yoast SEO plugin. -->","yoast_head_json":{"title":"Consommation \u00e9nergie EHPAD: 250 kWh\/m\u00b2; Chauffage 50%","description":"D\u00e9couvrez la consommation \u00e9nerg\u00e9tique des EHPAD, d\u00e9fis r\u00e9glementaires et solutions pour r\u00e9duire de 30% vos co\u00fbts.","robots":{"index":"index","follow":"follow","max-snippet":"max-snippet:-1","max-image-preview":"max-image-preview:large","max-video-preview":"max-video-preview:-1"},"canonical":"https:\/\/www.lsmart.co\/es\/blog\/conso-energie-ehpad-decret-tertiaire\/","og_locale":"es_ES","og_type":"article","og_title":"Consommation \u00e9nergie EHPAD: 250 kWh\/m\u00b2; Chauffage 50%","og_description":"D\u00e9couvrez la consommation \u00e9nerg\u00e9tique des EHPAD, d\u00e9fis r\u00e9glementaires et solutions pour r\u00e9duire de 30% vos co\u00fbts.","og_url":"https:\/\/www.lsmart.co\/es\/blog\/conso-energie-ehpad-decret-tertiaire\/","og_site_name":"L&amp;Smart est\u00e1 revolucionando el rendimiento energ\u00e9tico de los edificios","article_published_time":"2025-12-15T14:00:28+00:00","article_modified_time":"2025-12-15T14:00:29+00:00","og_image":[{"width":2560,"height":1435,"url":"https:\/\/www.lsmart.co\/es\/app\/uploads\/2025\/12\/ehpad-etablissement-pilotage-gtb-scaled.webp","type":"image\/webp"}],"author":"Sarah.S","twitter_card":"summary_large_image","twitter_misc":{"Escrito por":"Sarah.S","Tiempo de lectura":"13 minutos"},"schema":{"@context":"https:\/\/schema.org","@graph":[{"@type":"Article","@id":"https:\/\/www.lsmart.co\/es\/blog\/conso-energie-ehpad-decret-tertiaire\/#article","isPartOf":{"@id":"https:\/\/www.lsmart.co\/es\/blog\/conso-energie-ehpad-decret-tertiaire\/"},"author":{"name":"Sarah.S","@id":"https:\/\/www.lsmart.co\/es\/#\/schema\/person\/516d3337c788d7a99762e5c4d4e7a438"},"headline":"\u00c9nergie EHPAD : D\u00e9cret tertiaire, enjeux et solutions","datePublished":"2025-12-15T14:00:28+00:00","dateModified":"2025-12-15T14:00:29+00:00","mainEntityOfPage":{"@id":"https:\/\/www.lsmart.co\/es\/blog\/conso-energie-ehpad-decret-tertiaire\/"},"wordCount":2640,"publisher":{"@id":"https:\/\/www.lsmart.co\/es\/#organization"},"image":{"@id":"https:\/\/www.lsmart.co\/es\/blog\/conso-energie-ehpad-decret-tertiaire\/#primaryimage"},"thumbnailUrl":"https:\/\/www.lsmart.co\/es\/app\/uploads\/2025\/12\/ehpad-etablissement-pilotage-gtb-scaled.webp","keywords":["D\u00e9cret tertiaire"],"articleSection":["Blog"],"inLanguage":"es"},{"@type":"WebPage","@id":"https:\/\/www.lsmart.co\/es\/blog\/conso-energie-ehpad-decret-tertiaire\/","url":"https:\/\/www.lsmart.co\/es\/blog\/conso-energie-ehpad-decret-tertiaire\/","name":"Consommation \u00e9nergie EHPAD: 250 kWh\/m\u00b2; Chauffage 50%","isPartOf":{"@id":"https:\/\/www.lsmart.co\/es\/#website"},"primaryImageOfPage":{"@id":"https:\/\/www.lsmart.co\/es\/blog\/conso-energie-ehpad-decret-tertiaire\/#primaryimage"},"image":{"@id":"https:\/\/www.lsmart.co\/es\/blog\/conso-energie-ehpad-decret-tertiaire\/#primaryimage"},"thumbnailUrl":"https:\/\/www.lsmart.co\/es\/app\/uploads\/2025\/12\/ehpad-etablissement-pilotage-gtb-scaled.webp","datePublished":"2025-12-15T14:00:28+00:00","dateModified":"2025-12-15T14:00:29+00:00","description":"D\u00e9couvrez la consommation \u00e9nerg\u00e9tique des EHPAD, d\u00e9fis r\u00e9glementaires et solutions pour r\u00e9duire de 30% vos co\u00fbts.","breadcrumb":{"@id":"https:\/\/www.lsmart.co\/es\/blog\/conso-energie-ehpad-decret-tertiaire\/#breadcrumb"},"inLanguage":"es","potentialAction":[{"@type":"ReadAction","target":["https:\/\/www.lsmart.co\/es\/blog\/conso-energie-ehpad-decret-tertiaire\/"]}]},{"@type":"ImageObject","inLanguage":"es","@id":"https:\/\/www.lsmart.co\/es\/blog\/conso-energie-ehpad-decret-tertiaire\/#primaryimage","url":"https:\/\/www.lsmart.co\/es\/app\/uploads\/2025\/12\/ehpad-etablissement-pilotage-gtb-scaled.webp","contentUrl":"https:\/\/www.lsmart.co\/es\/app\/uploads\/2025\/12\/ehpad-etablissement-pilotage-gtb-scaled.webp","width":2560,"height":1435,"caption":"Fachada de un centro residencial para personas mayores con control BMS"},{"@type":"BreadcrumbList","@id":"https:\/\/www.lsmart.co\/es\/blog\/conso-energie-ehpad-decret-tertiaire\/#breadcrumb","itemListElement":[{"@type":"ListItem","position":1,"name":"Blog","item":"https:\/\/www.lsmart.co\/es\/category\/blog\/"},{"@type":"ListItem","position":2,"name":"\u00c9nergie EHPAD : D\u00e9cret tertiaire, enjeux et solutions"}]},{"@type":"WebSite","@id":"https:\/\/www.lsmart.co\/es\/#website","url":"https:\/\/www.lsmart.co\/es\/","name":"BMS para control y gesti\u00f3n energ\u00e9tica de edificios | L&Smart","description":"BMS para controlar, automatizar y optimizar la energ\u00eda de tus edificios. Reduce el consumo y los costes energ\u00e9ticos con L&amp;Smart.","publisher":{"@id":"https:\/\/www.lsmart.co\/es\/#organization"},"alternateName":"L&Smart Gesti\u00f3n Energ\u00e9tica","potentialAction":[{"@type":"SearchAction","target":{"@type":"EntryPoint","urlTemplate":"https:\/\/www.lsmart.co\/es\/?s={search_term_string}"},"query-input":{"@type":"PropertyValueSpecification","valueRequired":true,"valueName":"search_term_string"}}],"inLanguage":"es"},{"@type":"Organization","@id":"https:\/\/www.lsmart.co\/es\/#organization","name":"L&Smart","url":"https:\/\/www.lsmart.co\/es\/","logo":{"@type":"ImageObject","inLanguage":"es","@id":"https:\/\/www.lsmart.co\/es\/#\/schema\/logo\/image\/","url":"https:\/\/www.lsmart.co\/es\/app\/uploads\/2023\/10\/logo_lsmart.svg","contentUrl":"https:\/\/www.lsmart.co\/es\/app\/uploads\/2023\/10\/logo_lsmart.svg","caption":"L&Smart"},"image":{"@id":"https:\/\/www.lsmart.co\/es\/#\/schema\/logo\/image\/"},"sameAs":["https:\/\/www.linkedin.com\/company\/lsmart-es\/","https:\/\/www.youtube.com\/@lsmart-es"]},{"@type":"Person","@id":"https:\/\/www.lsmart.co\/es\/#\/schema\/person\/516d3337c788d7a99762e5c4d4e7a438","name":"Sarah.S","image":{"@type":"ImageObject","inLanguage":"es","@id":"https:\/\/www.lsmart.co\/es\/#\/schema\/person\/image\/","url":"https:\/\/secure.gravatar.com\/avatar\/a1838b5518fb982d75be10e0245634f3fe1d85c8a3cbb8957b89c0e4273e0549?s=96&d=mm&r=g","contentUrl":"https:\/\/secure.gravatar.com\/avatar\/a1838b5518fb982d75be10e0245634f3fe1d85c8a3cbb8957b89c0e4273e0549?s=96&d=mm&r=g","caption":"Sarah.S"}}]}},"_links":{"self":[{"href":"https:\/\/www.lsmart.co\/es\/wp-json\/wp\/v2\/posts\/6659","targetHints":{"allow":["GET"]}}],"collection":[{"href":"https:\/\/www.lsmart.co\/es\/wp-json\/wp\/v2\/posts"}],"about":[{"href":"https:\/\/www.lsmart.co\/es\/wp-json\/wp\/v2\/types\/post"}],"author":[{"embeddable":true,"href":"https:\/\/www.lsmart.co\/es\/wp-json\/wp\/v2\/users\/2"}],"replies":[{"embeddable":true,"href":"https:\/\/www.lsmart.co\/es\/wp-json\/wp\/v2\/comments?post=6659"}],"version-history":[{"count":30,"href":"https:\/\/www.lsmart.co\/es\/wp-json\/wp\/v2\/posts\/6659\/revisions"}],"predecessor-version":[{"id":6693,"href":"https:\/\/www.lsmart.co\/es\/wp-json\/wp\/v2\/posts\/6659\/revisions\/6693"}],"wp:featuredmedia":[{"embeddable":true,"href":"https:\/\/www.lsmart.co\/es\/wp-json\/wp\/v2\/media\/6685"}],"wp:attachment":[{"href":"https:\/\/www.lsmart.co\/es\/wp-json\/wp\/v2\/media?parent=6659"}],"wp:term":[{"taxonomy":"category","embeddable":true,"href":"https:\/\/www.lsmart.co\/es\/wp-json\/wp\/v2\/categories?post=6659"},{"taxonomy":"post_tag","embeddable":true,"href":"https:\/\/www.lsmart.co\/es\/wp-json\/wp\/v2\/tags?post=6659"}],"curies":[{"name":"wp","href":"https:\/\/api.w.org\/{rel}","templated":true}]}}